{"id":4909,"date":"2023-11-22T10:35:00","date_gmt":"2023-11-22T15:35:00","guid":{"rendered":"https:\/\/voile.qc.ca\/?p=4909"},"modified":"2026-03-11T18:57:23","modified_gmt":"2026-03-11T22:57:23","slug":"une-belle-croissance-en-f18","status":"publish","type":"post","link":"https:\/\/voile.qc.ca\/fr\/2023\/11\/22\/une-belle-croissance-en-f18\/","title":{"rendered":"Une belle croissance en F18\u2009!"},"content":{"rendered":"\n<figure class=\"wp-block-image size-large\"><img fetchpriority=\"high\" decoding=\"async\" width=\"1024\" height=\"683\" src=\"https:\/\/voile.qc.ca\/wp-content\/uploads\/2023\/11\/F18-1024x683.jpg\" alt=\"\" class=\"wp-image-4910\" srcset=\"https:\/\/voile.qc.ca\/wp-content\/uploads\/2023\/11\/F18-1024x683.jpg 1024w, https:\/\/voile.qc.ca\/wp-content\/uploads\/2023\/11\/F18-300x200.jpg 300w, https:\/\/voile.qc.ca\/wp-content\/uploads\/2023\/11\/F18-768x512.jpg 768w, https:\/\/voile.qc.ca\/wp-content\/uploads\/2023\/11\/F18-1536x1024.jpg 1536w, https:\/\/voile.qc.ca\/wp-content\/uploads\/2023\/11\/F18-18x12.jpg 18w, https:\/\/voile.qc.ca\/wp-content\/uploads\/2023\/11\/F18-600x400.jpg 600w, https:\/\/voile.qc.ca\/wp-content\/uploads\/2023\/11\/F18.jpg 1920w\" sizes=\"(max-width: 1024px) 100vw, 1024px\" \/><\/figure>\n\n\n\n<p>Le circuit de F18 du Qu\u00e9bec, qui compte 5&nbsp;courses dans diff\u00e9rentes r\u00e9gions, voit de nouveaux membres se joindre \u00e0 la f\u00eate\u2009! La participation moyenne a augment\u00e9 de 2&nbsp;bateaux et la tendance semble se maintenir pour l\u2019\u00e9t\u00e9 prochain. L\u2019ambiance reste totalement amicale et coop\u00e9rative malgr\u00e9 la comp\u00e9tition serr\u00e9e\u2009!<\/p>\n\n\n\n<p>Nouvellement cette ann\u00e9e, le circuit est pass\u00e9 par le Club de voile Sansoucy sur le lac des Deux Montagnes pour commencer la saison. L\u2019\u00e9v\u00e8nement fut un beau succ\u00e8s malgr\u00e9 la m\u00e9t\u00e9o qui a forc\u00e9 l\u2019annulation du spectacle de musique.<\/p>\n\n\n\n<p>La saison a ensuite continu\u00e9 avec les courses de Qu\u00e9bec, Carleton-sur-Mer, Lac-Brome et s\u2019est cl\u00f4tur\u00e9e dans la baie Missisquoi chez Sextant Marine. Le championnat s\u2019est d\u00e9cid\u00e9 \u00e0 la derni\u00e8re course de la saison et un seul point a s\u00e9par\u00e9 l\u2019\u00e9quipage de RBR Flight School, Maxime Loiselle et Patrick Caux, de celui de Team Pilon St-Louis, Olivier Pilon et Bastien Mony\/ Nancy Dion et Guillaume St-Louis.<\/p>\n\n\n\n<p>En bonus cette ann\u00e9e, on a vu la pr\u00e9sence de 11&nbsp;Qu\u00e9b\u00e9cois aux championnats nord-am\u00e9ricains et il y a pr\u00e9sentement 3&nbsp;navigateurs qu\u00e9b\u00e9cois qui naviguent \u00e0 Saint-Barth pour la Catacup\u2009! On leur souhaite bonne chance\u2009!<\/p>\n","protected":false},"excerpt":{"rendered":"<p>Le circuit de F18 du Qu\u00e9bec, qui compte 5&nbsp;courses dans diff\u00e9rentes r\u00e9gions, voit de nouveaux membres se joindre \u00e0 la f\u00eate\u2009! La participation moyenne a augment\u00e9 de 2&nbsp;bateaux et la tendance semble se maintenir pour l\u2019\u00e9t\u00e9 prochain. L\u2019ambiance reste totalement amicale et coop\u00e9rative malgr\u00e9 la comp\u00e9tition serr\u00e9e\u2009! Nouvellement cette ann\u00e9e, le circuit est pass\u00e9 par [&hellip;]<\/p>\n","protected":false},"author":18,"featured_media":4910,"comment_status":"closed","ping_status":"closed","sticky":false,"template":"","format":"standard","meta":{"_acf_changed":false,"site-sidebar-layout":"default","site-content-layout":"","ast-site-content-layout":"default","site-content-style":"default","site-sidebar-style":"default","ast-global-header-display":"","ast-banner-title-visibility":"","ast-main-header-display":"","ast-hfb-above-header-display":"","ast-hfb-below-header-display":"","ast-hfb-mobile-header-display":"","site-post-title":"","ast-breadcrumbs-content":"","ast-featured-img":"disabled","footer-sml-layout":"","ast-disable-related-posts":"","theme-transparent-header-meta":"","adv-header-id-meta":"","stick-header-meta":"","header-above-stick-meta":"","header-main-stick-meta":"","header-below-stick-meta":"","astra-migrate-meta-layouts":"set","ast-page-background-enabled":"default","ast-page-background-meta":{"desktop":{"background-color":"","background-image":"","background-repeat":"repeat","background-position":"center center","background-size":"auto","background-attachment":"scroll","background-type":"","background-media":"","overlay-type":"","overlay-color":"","overlay-opacity":"","overlay-gradient":""},"tablet":{"background-color":"","background-image":"","background-repeat":"repeat","background-position":"center center","background-size":"auto","background-attachment":"scroll","background-type":"","background-media":"","overlay-type":"","overlay-color":"","overlay-opacity":"","overlay-gradient":""},"mobile":{"background-color":"","background-image":"","background-repeat":"repeat","background-position":"center center","background-size":"auto","background-attachment":"scroll","background-type":"","background-media":"","overlay-type":"","overlay-color":"","overlay-opacity":"","overlay-gradient":""}},"ast-content-background-meta":{"desktop":{"background-color":"var(--ast-global-color-5)","background-image":"","background-repeat":"repeat","background-position":"center center","background-size":"auto","background-attachment":"scroll","background-type":"","background-media":"","overlay-type":"","overlay-color":"","overlay-opacity":"","overlay-gradient":""},"tablet":{"background-color":"var(--ast-global-color-5)","background-image":"","background-repeat":"repeat","background-position":"center center","background-size":"auto","background-attachment":"scroll","background-type":"","background-media":"","overlay-type":"","overlay-color":"","overlay-opacity":"","overlay-gradient":""},"mobile":{"background-color":"var(--ast-global-color-5)","background-image":"","background-repeat":"repeat","background-position":"center center","background-size":"auto","background-attachment":"scroll","background-type":"","background-media":"","overlay-type":"","overlay-color":"","overlay-opacity":"","overlay-gradient":""}},"_jetpack_memberships_contains_paid_content":false,"footnotes":""},"categories":[1],"tags":[],"class_list":["post-4909","post","type-post","status-publish","format-standard","has-post-thumbnail","hentry","category-non-classe"],"acf":[],"yoast_head":"<!-- This site is optimized with the Yoast SEO plugin v27.0 - https:\/\/yoast.com\/product\/yoast-seo-wordpress\/ -->\n<title>Une belle croissance en F18\u2009! - Voile Qu\u00e9bec<\/title>\n<meta name=\"description\" content=\"Le circuit de F18 du Qu\u00e9bec, qui compte 5\u00a0courses dans diff\u00e9rentes r\u00e9gions, voit de nouveaux membres se joindre \u00e0 la f\u00eate\u2009!\" \/>\n<meta name=\"robots\" content=\"index, follow, max-snippet:-1, max-image-preview:large, max-video-preview:-1\" \/>\n<link rel=\"canonical\" href=\"https:\/\/voile.qc.ca\/fr\/2023\/11\/22\/une-belle-croissance-en-f18\/\" \/>\n<meta property=\"og:locale\" content=\"fr_CA\" \/>\n<meta property=\"og:type\" content=\"article\" \/>\n<meta property=\"og:title\" content=\"Une belle croissance en F18\u2009! - Voile Qu\u00e9bec\" \/>\n<meta property=\"og:description\" content=\"Le circuit de F18 du Qu\u00e9bec, qui compte 5\u00a0courses dans diff\u00e9rentes r\u00e9gions, voit de nouveaux membres se joindre \u00e0 la f\u00eate\u2009!\" \/>\n<meta property=\"og:url\" content=\"https:\/\/voile.qc.ca\/fr\/2023\/11\/22\/une-belle-croissance-en-f18\/\" \/>\n<meta property=\"og:site_name\" content=\"Voile Qu\u00e9bec\" \/>\n<meta property=\"article:publisher\" content=\"https:\/\/www.facebook.com\/voilequebec\" \/>\n<meta property=\"article:published_time\" content=\"2023-11-22T15:35:00+00:00\" \/>\n<meta property=\"article:modified_time\" content=\"2026-03-11T22:57:23+00:00\" \/>\n<meta property=\"og:image\" content=\"https:\/\/voile.qc.ca\/wp-content\/uploads\/2023\/11\/F18.jpg\" \/>\n\t<meta property=\"og:image:width\" content=\"1920\" \/>\n\t<meta property=\"og:image:height\" content=\"1280\" \/>\n\t<meta property=\"og:image:type\" content=\"image\/jpeg\" \/>\n<meta name=\"author\" content=\"FVQ\" \/>\n<meta name=\"twitter:card\" content=\"summary_large_image\" \/>\n<meta name=\"twitter:label1\" content=\"\u00c9crit par\" \/>\n\t<meta name=\"twitter:data1\" content=\"FVQ\" \/>\n\t<meta name=\"twitter:label2\" content=\"Estimation du temps de lecture\" \/>\n\t<meta name=\"twitter:data2\" content=\"2 minutes\" \/>\n<script type=\"application\/ld+json\" class=\"yoast-schema-graph\">{\"@context\":\"https:\/\/schema.org\",\"@graph\":[{\"@type\":\"Article\",\"@id\":\"https:\/\/voile.qc.ca\/2023\/11\/22\/une-belle-croissance-en-f18\/#article\",\"isPartOf\":{\"@id\":\"https:\/\/voile.qc.ca\/2023\/11\/22\/une-belle-croissance-en-f18\/\"},\"author\":{\"name\":\"FVQ\",\"@id\":\"https:\/\/voile.qc.ca\/fr\/#\/schema\/person\/6dff2e0cf0c51ea4934ca3ab1c748d38\"},\"headline\":\"Une belle croissance en F18\u2009!\",\"datePublished\":\"2023-11-22T15:35:00+00:00\",\"dateModified\":\"2026-03-11T22:57:23+00:00\",\"mainEntityOfPage\":{\"@id\":\"https:\/\/voile.qc.ca\/2023\/11\/22\/une-belle-croissance-en-f18\/\"},\"wordCount\":223,\"publisher\":{\"@id\":\"https:\/\/voile.qc.ca\/fr\/#organization\"},\"image\":{\"@id\":\"https:\/\/voile.qc.ca\/2023\/11\/22\/une-belle-croissance-en-f18\/#primaryimage\"},\"thumbnailUrl\":\"https:\/\/voile.qc.ca\/wp-content\/uploads\/2023\/11\/F18.jpg\",\"inLanguage\":\"fr-CA\"},{\"@type\":\"WebPage\",\"@id\":\"https:\/\/voile.qc.ca\/2023\/11\/22\/une-belle-croissance-en-f18\/\",\"url\":\"https:\/\/voile.qc.ca\/2023\/11\/22\/une-belle-croissance-en-f18\/\",\"name\":\"Une belle croissance en F18\u2009! - Voile Qu\u00e9bec\",\"isPartOf\":{\"@id\":\"https:\/\/voile.qc.ca\/fr\/#website\"},\"primaryImageOfPage\":{\"@id\":\"https:\/\/voile.qc.ca\/2023\/11\/22\/une-belle-croissance-en-f18\/#primaryimage\"},\"image\":{\"@id\":\"https:\/\/voile.qc.ca\/2023\/11\/22\/une-belle-croissance-en-f18\/#primaryimage\"},\"thumbnailUrl\":\"https:\/\/voile.qc.ca\/wp-content\/uploads\/2023\/11\/F18.jpg\",\"datePublished\":\"2023-11-22T15:35:00+00:00\",\"dateModified\":\"2026-03-11T22:57:23+00:00\",\"description\":\"Le circuit de F18 du Qu\u00e9bec, qui compte 5\u00a0courses dans diff\u00e9rentes r\u00e9gions, voit de nouveaux membres se joindre \u00e0 la f\u00eate\u2009!\",\"breadcrumb\":{\"@id\":\"https:\/\/voile.qc.ca\/2023\/11\/22\/une-belle-croissance-en-f18\/#breadcrumb\"},\"inLanguage\":\"fr-CA\",\"potentialAction\":[{\"@type\":\"ReadAction\",\"target\":[\"https:\/\/voile.qc.ca\/2023\/11\/22\/une-belle-croissance-en-f18\/\"]}]},{\"@type\":\"ImageObject\",\"inLanguage\":\"fr-CA\",\"@id\":\"https:\/\/voile.qc.ca\/2023\/11\/22\/une-belle-croissance-en-f18\/#primaryimage\",\"url\":\"https:\/\/voile.qc.ca\/wp-content\/uploads\/2023\/11\/F18.jpg\",\"contentUrl\":\"https:\/\/voile.qc.ca\/wp-content\/uploads\/2023\/11\/F18.jpg\",\"width\":1920,\"height\":1280},{\"@type\":\"BreadcrumbList\",\"@id\":\"https:\/\/voile.qc.ca\/2023\/11\/22\/une-belle-croissance-en-f18\/#breadcrumb\",\"itemListElement\":[{\"@type\":\"ListItem\",\"position\":1,\"name\":\"Accueil\",\"item\":\"https:\/\/voile.qc.ca\/\"},{\"@type\":\"ListItem\",\"position\":2,\"name\":\"Une belle croissance en F18\u2009!\"}]},{\"@type\":\"WebSite\",\"@id\":\"https:\/\/voile.qc.ca\/fr\/#website\",\"url\":\"https:\/\/voile.qc.ca\/fr\/\",\"name\":\"Voile Qu\u00e9bec\",\"description\":\"La r\u00e9f\u00e9rence de voile au Qu\u00e9bec\",\"publisher\":{\"@id\":\"https:\/\/voile.qc.ca\/fr\/#organization\"},\"potentialAction\":[{\"@type\":\"SearchAction\",\"target\":{\"@type\":\"EntryPoint\",\"urlTemplate\":\"https:\/\/voile.qc.ca\/fr\/?s={search_term_string}\"},\"query-input\":{\"@type\":\"PropertyValueSpecification\",\"valueRequired\":true,\"valueName\":\"search_term_string\"}}],\"inLanguage\":\"fr-CA\"},{\"@type\":\"Organization\",\"@id\":\"https:\/\/voile.qc.ca\/fr\/#organization\",\"name\":\"F\u00e9d\u00e9ration de Voile du Qu\u00e9bec\",\"url\":\"https:\/\/voile.qc.ca\/fr\/\",\"logo\":{\"@type\":\"ImageObject\",\"inLanguage\":\"fr-CA\",\"@id\":\"https:\/\/voile.qc.ca\/fr\/#\/schema\/logo\/image\/\",\"url\":\"https:\/\/voile.qc.ca\/wp-content\/uploads\/2023\/11\/cropped-bateau-bleu-V5.png\",\"contentUrl\":\"https:\/\/voile.qc.ca\/wp-content\/uploads\/2023\/11\/cropped-bateau-bleu-V5.png\",\"width\":500,\"height\":116,\"caption\":\"F\u00e9d\u00e9ration de Voile du Qu\u00e9bec\"},\"image\":{\"@id\":\"https:\/\/voile.qc.ca\/fr\/#\/schema\/logo\/image\/\"},\"sameAs\":[\"https:\/\/www.facebook.com\/voilequebec\",\"https:\/\/www.instagram.com\/voilequebec\"]},{\"@type\":\"Person\",\"@id\":\"https:\/\/voile.qc.ca\/fr\/#\/schema\/person\/6dff2e0cf0c51ea4934ca3ab1c748d38\",\"name\":\"FVQ\",\"image\":{\"@type\":\"ImageObject\",\"inLanguage\":\"fr-CA\",\"@id\":\"https:\/\/voile.qc.ca\/fr\/#\/schema\/person\/image\/\",\"url\":\"https:\/\/secure.gravatar.com\/avatar\/958487659fb9dc0a7e65700f42ee9576363c7b9169ced79a96c64b9d4266a65b?s=96&d=mm&r=g\",\"contentUrl\":\"https:\/\/secure.gravatar.com\/avatar\/958487659fb9dc0a7e65700f42ee9576363c7b9169ced79a96c64b9d4266a65b?s=96&d=mm&r=g\",\"caption\":\"FVQ\"},\"url\":\"https:\/\/voile.qc.ca\/fr\/author\/fvq\/\"}]}<\/script>\n<!-- \/ Yoast SEO plugin. -->","yoast_head_json":{"title":"Une belle croissance en F18\u2009! - Voile Qu\u00e9bec","description":"Le circuit de F18 du Qu\u00e9bec, qui compte 5\u00a0courses dans diff\u00e9rentes r\u00e9gions, voit de nouveaux membres se joindre \u00e0 la f\u00eate\u2009!","robots":{"index":"index","follow":"follow","max-snippet":"max-snippet:-1","max-image-preview":"max-image-preview:large","max-video-preview":"max-video-preview:-1"},"canonical":"https:\/\/voile.qc.ca\/fr\/2023\/11\/22\/une-belle-croissance-en-f18\/","og_locale":"fr_CA","og_type":"article","og_title":"Une belle croissance en F18\u2009! - Voile Qu\u00e9bec","og_description":"Le circuit de F18 du Qu\u00e9bec, qui compte 5\u00a0courses dans diff\u00e9rentes r\u00e9gions, voit de nouveaux membres se joindre \u00e0 la f\u00eate\u2009!","og_url":"https:\/\/voile.qc.ca\/fr\/2023\/11\/22\/une-belle-croissance-en-f18\/","og_site_name":"Voile Qu\u00e9bec","article_publisher":"https:\/\/www.facebook.com\/voilequebec","article_published_time":"2023-11-22T15:35:00+00:00","article_modified_time":"2026-03-11T22:57:23+00:00","og_image":[{"width":1920,"height":1280,"url":"https:\/\/voile.qc.ca\/wp-content\/uploads\/2023\/11\/F18.jpg","type":"image\/jpeg"}],"author":"FVQ","twitter_card":"summary_large_image","twitter_misc":{"\u00c9crit par":"FVQ","Estimation du temps de lecture":"2 minutes"},"schema":{"@context":"https:\/\/schema.org","@graph":[{"@type":"Article","@id":"https:\/\/voile.qc.ca\/2023\/11\/22\/une-belle-croissance-en-f18\/#article","isPartOf":{"@id":"https:\/\/voile.qc.ca\/2023\/11\/22\/une-belle-croissance-en-f18\/"},"author":{"name":"FVQ","@id":"https:\/\/voile.qc.ca\/fr\/#\/schema\/person\/6dff2e0cf0c51ea4934ca3ab1c748d38"},"headline":"Une belle croissance en F18\u2009!","datePublished":"2023-11-22T15:35:00+00:00","dateModified":"2026-03-11T22:57:23+00:00","mainEntityOfPage":{"@id":"https:\/\/voile.qc.ca\/2023\/11\/22\/une-belle-croissance-en-f18\/"},"wordCount":223,"publisher":{"@id":"https:\/\/voile.qc.ca\/fr\/#organization"},"image":{"@id":"https:\/\/voile.qc.ca\/2023\/11\/22\/une-belle-croissance-en-f18\/#primaryimage"},"thumbnailUrl":"https:\/\/voile.qc.ca\/wp-content\/uploads\/2023\/11\/F18.jpg","inLanguage":"fr-CA"},{"@type":"WebPage","@id":"https:\/\/voile.qc.ca\/2023\/11\/22\/une-belle-croissance-en-f18\/","url":"https:\/\/voile.qc.ca\/2023\/11\/22\/une-belle-croissance-en-f18\/","name":"Une belle croissance en F18\u2009! - Voile Qu\u00e9bec","isPartOf":{"@id":"https:\/\/voile.qc.ca\/fr\/#website"},"primaryImageOfPage":{"@id":"https:\/\/voile.qc.ca\/2023\/11\/22\/une-belle-croissance-en-f18\/#primaryimage"},"image":{"@id":"https:\/\/voile.qc.ca\/2023\/11\/22\/une-belle-croissance-en-f18\/#primaryimage"},"thumbnailUrl":"https:\/\/voile.qc.ca\/wp-content\/uploads\/2023\/11\/F18.jpg","datePublished":"2023-11-22T15:35:00+00:00","dateModified":"2026-03-11T22:57:23+00:00","description":"Le circuit de F18 du Qu\u00e9bec, qui compte 5\u00a0courses dans diff\u00e9rentes r\u00e9gions, voit de nouveaux membres se joindre \u00e0 la f\u00eate\u2009!","breadcrumb":{"@id":"https:\/\/voile.qc.ca\/2023\/11\/22\/une-belle-croissance-en-f18\/#breadcrumb"},"inLanguage":"fr-CA","potentialAction":[{"@type":"ReadAction","target":["https:\/\/voile.qc.ca\/2023\/11\/22\/une-belle-croissance-en-f18\/"]}]},{"@type":"ImageObject","inLanguage":"fr-CA","@id":"https:\/\/voile.qc.ca\/2023\/11\/22\/une-belle-croissance-en-f18\/#primaryimage","url":"https:\/\/voile.qc.ca\/wp-content\/uploads\/2023\/11\/F18.jpg","contentUrl":"https:\/\/voile.qc.ca\/wp-content\/uploads\/2023\/11\/F18.jpg","width":1920,"height":1280},{"@type":"BreadcrumbList","@id":"https:\/\/voile.qc.ca\/2023\/11\/22\/une-belle-croissance-en-f18\/#breadcrumb","itemListElement":[{"@type":"ListItem","position":1,"name":"Accueil","item":"https:\/\/voile.qc.ca\/"},{"@type":"ListItem","position":2,"name":"Une belle croissance en F18\u2009!"}]},{"@type":"WebSite","@id":"https:\/\/voile.qc.ca\/fr\/#website","url":"https:\/\/voile.qc.ca\/fr\/","name":"Voile Qu\u00e9bec","description":"La r\u00e9f\u00e9rence de voile au Qu\u00e9bec","publisher":{"@id":"https:\/\/voile.qc.ca\/fr\/#organization"},"potentialAction":[{"@type":"SearchAction","target":{"@type":"EntryPoint","urlTemplate":"https:\/\/voile.qc.ca\/fr\/?s={search_term_string}"},"query-input":{"@type":"PropertyValueSpecification","valueRequired":true,"valueName":"search_term_string"}}],"inLanguage":"fr-CA"},{"@type":"Organization","@id":"https:\/\/voile.qc.ca\/fr\/#organization","name":"F\u00e9d\u00e9ration de Voile du Qu\u00e9bec","url":"https:\/\/voile.qc.ca\/fr\/","logo":{"@type":"ImageObject","inLanguage":"fr-CA","@id":"https:\/\/voile.qc.ca\/fr\/#\/schema\/logo\/image\/","url":"https:\/\/voile.qc.ca\/wp-content\/uploads\/2023\/11\/cropped-bateau-bleu-V5.png","contentUrl":"https:\/\/voile.qc.ca\/wp-content\/uploads\/2023\/11\/cropped-bateau-bleu-V5.png","width":500,"height":116,"caption":"F\u00e9d\u00e9ration de Voile du Qu\u00e9bec"},"image":{"@id":"https:\/\/voile.qc.ca\/fr\/#\/schema\/logo\/image\/"},"sameAs":["https:\/\/www.facebook.com\/voilequebec","https:\/\/www.instagram.com\/voilequebec"]},{"@type":"Person","@id":"https:\/\/voile.qc.ca\/fr\/#\/schema\/person\/6dff2e0cf0c51ea4934ca3ab1c748d38","name":"FVQ","image":{"@type":"ImageObject","inLanguage":"fr-CA","@id":"https:\/\/voile.qc.ca\/fr\/#\/schema\/person\/image\/","url":"https:\/\/secure.gravatar.com\/avatar\/958487659fb9dc0a7e65700f42ee9576363c7b9169ced79a96c64b9d4266a65b?s=96&d=mm&r=g","contentUrl":"https:\/\/secure.gravatar.com\/avatar\/958487659fb9dc0a7e65700f42ee9576363c7b9169ced79a96c64b9d4266a65b?s=96&d=mm&r=g","caption":"FVQ"},"url":"https:\/\/voile.qc.ca\/fr\/author\/fvq\/"}]}},"jetpack_featured_media_url":"https:\/\/voile.qc.ca\/wp-content\/uploads\/2023\/11\/F18.jpg","jetpack_sharing_enabled":true,"_links":{"self":[{"href":"https:\/\/voile.qc.ca\/fr\/wp-json\/wp\/v2\/posts\/4909","targetHints":{"allow":["GET"]}}],"collection":[{"href":"https:\/\/voile.qc.ca\/fr\/wp-json\/wp\/v2\/posts"}],"about":[{"href":"https:\/\/voile.qc.ca\/fr\/wp-json\/wp\/v2\/types\/post"}],"author":[{"embeddable":true,"href":"https:\/\/voile.qc.ca\/fr\/wp-json\/wp\/v2\/users\/18"}],"replies":[{"embeddable":true,"href":"https:\/\/voile.qc.ca\/fr\/wp-json\/wp\/v2\/comments?post=4909"}],"version-history":[{"count":2,"href":"https:\/\/voile.qc.ca\/fr\/wp-json\/wp\/v2\/posts\/4909\/revisions"}],"predecessor-version":[{"id":19838,"href":"https:\/\/voile.qc.ca\/fr\/wp-json\/wp\/v2\/posts\/4909\/revisions\/19838"}],"wp:featuredmedia":[{"embeddable":true,"href":"https:\/\/voile.qc.ca\/fr\/wp-json\/wp\/v2\/media\/4910"}],"wp:attachment":[{"href":"https:\/\/voile.qc.ca\/fr\/wp-json\/wp\/v2\/media?parent=4909"}],"wp:term":[{"taxonomy":"category","embeddable":true,"href":"https:\/\/voile.qc.ca\/fr\/wp-json\/wp\/v2\/categories?post=4909"},{"taxonomy":"post_tag","embeddable":true,"href":"https:\/\/voile.qc.ca\/fr\/wp-json\/wp\/v2\/tags?post=4909"}],"curies":[{"name":"wp","href":"https:\/\/api.w.org\/{rel}","templated":true}]}}