{"id":20575,"date":"2026-03-20T22:28:36","date_gmt":"2026-03-21T02:28:36","guid":{"rendered":"https:\/\/voile.qc.ca\/?p=20575"},"modified":"2026-04-29T22:44:22","modified_gmt":"2026-04-30T02:44:22","slug":"scott-shawyer-fait-lacquisition-dun-nouvel-imoca-pour-le-vendee-globe-2028","status":"publish","type":"post","link":"https:\/\/voile.qc.ca\/fr\/2026\/03\/20\/scott-shawyer-fait-lacquisition-dun-nouvel-imoca-pour-le-vendee-globe-2028\/","title":{"rendered":"Scott Shawyer fait l\u2019acquisition d\u2019un nouvel IMOCA pour le Vend\u00e9e Globe 2028"},"content":{"rendered":"\t\t<div data-elementor-type=\"wp-post\" data-elementor-id=\"20575\" class=\"elementor elementor-20575\">\n\t\t\t\t\t\t<section class=\"elementor-section elementor-top-section elementor-element elementor-element-41107aa elementor-section-boxed elementor-section-height-default elementor-section-height-default exad-glass-effect-no exad-sticky-section-no\" data-id=\"41107aa\" data-element_type=\"section\" data-e-type=\"section\">\n\t\t\t\t\t\t<div class=\"elementor-container elementor-column-gap-default\">\n\t\t\t\t\t<div class=\"elementor-column elementor-col-100 elementor-top-column elementor-element elementor-element-9c0edcf exad-glass-effect-no exad-sticky-section-no\" data-id=\"9c0edcf\" data-element_type=\"column\" data-e-type=\"column\">\n\t\t\t<div class=\"elementor-widget-wrap elementor-element-populated\">\n\t\t\t\t\t\t<div class=\"elementor-element elementor-element-aa9e6ea elementor-drop-cap-yes elementor-drop-cap-view-default exad-sticky-section-no exad-glass-effect-no elementor-widget elementor-widget-text-editor\" data-id=\"aa9e6ea\" data-element_type=\"widget\" data-e-type=\"widget\" data-settings=\"{&quot;drop_cap&quot;:&quot;yes&quot;}\" data-widget_type=\"text-editor.default\">\n\t\t\t\t<div class=\"elementor-widget-container\">\n\t\t\t\t\t\t\t\t\t<h3><strong>Scott Shawyer fait l\u2019acquisition d\u2019un nouvel IMOCA pour le Vend\u00e9e Globe 2028<\/strong><\/h3>\n<p><strong>Auteur Michel Sacco.<\/strong><\/p>\n<p>Il ne faut que les deux doigts d\u2019une seule main pour compter les coureurs au large canadiens qui ont pris le d\u00e9part du Vend\u00e9e Globe. Le premier, le Qu\u00e9b\u00e9cois Gerry Roufs, est associ\u00e9 au douloureux souvenir de sa disparition dans l\u2019oc\u00e9an Pacifique en janvier 1997. Le second, l\u2019Ontarien Derek Hatfield liquida jusqu\u2019\u00e0 sa derni\u00e8re chemise pour construire son IMOCA sans parvenir pour autant \u00e0 disposer d\u2019un financement ad\u00e9quat. Une avarie de gr\u00e9ement dans l\u2019oc\u00e9an Indien le for\u00e7a \u00e0 l\u2019abandon et ruina tous ses efforts.<\/p>\n<p>Roufs et Hatfield avaient en commun d\u2019\u00eatre d\u2019authentiques coureurs au large. Le premier \u00e9tait un professionnel qui avait appris son m\u00e9tier avec Mike Birch et fr\u00e9quent\u00e9 assidument le circuit international de la course au large. Le second, un amateur d\u00e9termin\u00e9 qui avait boucl\u00e9 deux transatlantiques en course et particip\u00e9 \u00e0 l\u2019\u00e9preuve autour du monde <em>Around Alone<\/em> avant de se lancer en IMOCA.<\/p>\n<p>Scott Shawyer, 54 ans cette ann\u00e9e, n\u2019avait aucune exp\u00e9rience de la course au large lorsqu\u2019il a annonc\u00e9 en 2022 son intention de se pr\u00e9senter au d\u00e9part de la onzi\u00e8me \u00e9dition du Vend\u00e9e Globe en 2028. Il faut avoir une bonne dose de d\u00e9termination et de culot pour se jeter dans pareille aventure \u00e0 partir de z\u00e9ro. En pareilles circonstances, on se demande in\u00e9vitablement \u00e0 qui l\u2019on a v\u00e9ritablement affaire. Un r\u00eaveur pr\u00e9somptueux? Un type trop ambitieux qui n\u2019a pas pris la mesure des difficult\u00e9s qui l\u2019attendaient?<\/p>\n<p>Je n\u2019ai \u00e9chang\u00e9 qu\u2019\u00e0 deux occasions avec Scott Shawyer et \u00e7a m\u2019a suffi pour r\u00e9futer toute pr\u00e9somption d\u2019amateurisme \u00e0 son \u00e9gard. Sa d\u00e9marche depuis 2022 indique deux choses. Il comprend tr\u00e8s bien comment fonctionne l\u2019\u00e9cosyst\u00e8me des IMOCA et il est tr\u00e8s conscient de la hauteur de la montagne qu\u2019il a l\u2019ambition de gravir.<\/p>\n<p>Il s\u2019appuie sur son exp\u00e9rience d\u2019hommes d\u2019affaires et son go\u00fbt du sport pour trouver les solutions \u00e0 tous les probl\u00e8mes qu\u2019il devra r\u00e9soudre. Scott aborde l\u2019\u00e9preuve avec une bonne dose de sagesse. Il r\u00e9sume avec humour son \u00e9tat d\u2019esprit dans sa pr\u00e9sentation sur son site web\u00a0: \u00ab Comment fait-on pour manger un \u00e9l\u00e9phant ? Une bouch\u00e9e apr\u00e8s l\u2019autre \u00bb.<\/p>\n<p>La premi\u00e8re bouch\u00e9e f\u00fbt l\u2019acquisition d\u2019un IMOCA \u00e0 d\u00e9rive lanc\u00e9 en 2011 pour <em>Offshore Team Germany<\/em>. Un plan Owens Clarke qui a subi une compl\u00e8te remise \u00e0 niveau en 2019 et remport\u00e9 the <em>Ocean Race Europe<\/em> en 2021 devant des foilers. Une bonne machine pour se mettre en jambe et apprivoiser la navigation en 60 pieds pour un mordu de voile qui n\u2019avait jusqu\u2019\u00e0 pr\u00e9sent que tirer des bords en d\u00e9riveur et sur de petits quillards de comp\u00e9tition.<\/p>\n<p>La base d\u2019entretien du bateau se trouve dans le sud de l\u2019Angleterre \u00e0 Gosport. Scott a fait d\u2019une pierre deux coups en engageant l\u2019un des meilleurs sp\u00e9cialistes de l\u2019IMOCA \u00e0 titre d\u2019entra\u00eeneur et de consultant en la personne du bouillant Alec Thompson. \u00ab Il m\u2019a permis de mettre un pied dans la classe et de comprendre dans quoi je m\u2019engageais. Il m\u2019a pr\u00e9sent\u00e9 Nick Moloney que j\u2019ai recrut\u00e9 plus tard comme chef de mon \u00e9quipe \u00bb explique Scott Shawyer.<\/p>\n<p>Les aspects transactionnels et relationnels se sont d\u00e9grad\u00e9s avec Thompson, ce qui a conduit Scott \u00e0 trouver un nouvel itin\u00e9raire et ultimement une nouvelle monture. L\u2019exp\u00e9rience a n\u00e9anmoins \u00e9t\u00e9 fructueuse. \u00ab Ce sont des bateaux extr\u00eamement puissants avec des pressions \u00e9normes dans les syst\u00e8mes. Au d\u00e9part, le focus est d\u2019abord sur la s\u00e9curit\u00e9 pour ne rien casser. Quand tu te retrouves dans une situation critique, il faut d\u2019abord que tu respires un bon coup, que tu restes calme et que tu r\u00e9fl\u00e9chisses avant de faire premier un geste. Il faut apprendre \u00e0 faire les choses dans le bon ordre. Je me suis retrouv\u00e9 une nuit avec le bateau couch\u00e9 sur l\u2019eau. Le pilote \u00e9tait parti en vrac. Tu sors sur le pont et tu te dis, qu\u2019est-ce qu\u2019on fait maintenant? Si tu agis trop vite sans bien r\u00e9fl\u00e9chir, tu peux aggraver encore la situation et casser du mat\u00e9riel. C\u2019est ce que j\u2019appelle agir et non r\u00e9agir \u00bb explique Scott.<\/p>\n<p><strong>L\u2019acquisition d\u2019un foiler de derni\u00e8re g\u00e9n\u00e9ration<\/strong><\/p>\n<p>\u00c0 l\u2019issue de la collaboration avec Alec Thompson, Scott s\u2019est mis en qu\u00eate d\u2019une nouvelle unit\u00e9. Il y a beaucoup d\u2019activit\u00e9s sur le march\u00e9 des IMOCA \u00e0 la fin d\u2019une \u00e9dition d\u2019un Vend\u00e9e Globe. Les skippers du Top 10 qui ont s\u00e9curis\u00e9 leur financement se lancent souvent dans la construction d\u2019un nouveau 60 pieds pour monter en gamme. On trouve alors plusieurs bonnes unit\u00e9s en vente. Shawyer a fait l\u2019acquisition du bateau de S\u00e9bastien Simon (<strong>Groupe Dubreuil<\/strong>) qui a termin\u00e9 en troisi\u00e8me place de la derni\u00e8re \u00e9dition. Il s\u2019agit d\u2019un plan de Guillaume Verdier construit par CDK \u00e0 Port-la-For\u00eat et lanc\u00e9 en 2019 pour <em>11th Hour Racing Team<\/em>. Un bateau bien n\u00e9 qui a remport\u00e9 <em>The Ocean Race 2022\/2023<\/em> en \u00e9quipage et qui d\u00e9tient encore \u00e0 ce jour le record de la distance parcourue sur un IMOCA en 24 h en 2024\u00a0: 615 milles \u00e0 l\u2019impressionnante moyenne de 25,6 n\u0153uds.<\/p>\n<p>Scott Shawyer a r\u00e9ussi \u00e0 recruter une partie de l\u2019\u00e9quipe de <em>11th Hour Racing Team<\/em>, dont le directeur technique Joff Brown qui a un bagage de pr\u00e9parateur de plus de 15 ans dans le circuit IMOCA. Joff conna\u00eet tr\u00e8s bien le bateau et souhaitait continuer \u00e0 le prendre en charge. J\u2019ai demand\u00e9 \u00e0 Scott pour quelle raison il avait choisi un bateau initialement con\u00e7u pour la course en \u00e9quipage plut\u00f4t que pour un solitaire. \u00ab Ce n\u2019est pas un crit\u00e8re que j\u2019ai pris en compte. Beaucoup d\u2019IMOCA sont construits, lanc\u00e9s, test\u00e9s en mer et ils reviennent \u00e0 terre pour que l\u2019on renforce leur structure ici et l\u00e0. <strong>Emira IV<\/strong> (le nouveau nom du bateau NDLR) n\u2019a jamais eu besoin de ce genre d\u2019intervention. C\u2019est un bateau extr\u00eamement bien construit d\u00e8s le d\u00e9part qui n\u2019a jamais eu besoin d\u2019intervention structurelle pour le consolider. Il a navigu\u00e9 dans des conditions extr\u00eamement violentes et il a tenu le coup. C\u2019est ce que je cherchais, un bateau rapide et marin qui avait ses preuves. L\u2019autre aspect est que je mesure 1,90 m. Sur la plupart des IMOCA fran\u00e7ais, il n\u2019y a pas un seul endroit du bateau o\u00f9 je puisse me tenir debout. Tous ces bateaux de la nouvelle g\u00e9n\u00e9ration ont un cockpit compl\u00e8tement ferm\u00e9, ce qui n\u2019arrange rien. Le fait que le bateau ait \u00e9t\u00e9 con\u00e7u pour un \u00e9quipage offre plus d\u2019espace pour me d\u00e9placer. C\u2019est plus commode. Dans 30 n\u0153uds de vent, les d\u00e9placements \u00e0 bord sont difficiles, c\u2019est comme rouler \u00e0 fond de train sur une route bourr\u00e9e d\u2019orni\u00e8res. Sur ce bateau, j\u2019ai trouv\u00e9 au moins un petit espace o\u00f9 je peux tenir droit sur mes deux jambes \u00bb explique Scott.<\/p>\n<p>Le programme de l\u2019ann\u00e9e 2026 comprend un gros morceau \u00e0 avaler, la Route du Rhum. Une transat prestigieuse, mais tr\u00e8s difficile avec un d\u00e9part au mois de novembre dans l\u2019Atlantique Nord o\u00f9 les skippers se font g\u00e9n\u00e9ralement cueillir \u00e0 froid par une d\u00e9pression. Une entr\u00e9e en sc\u00e8ne tr\u00e8s cors\u00e9e par mer forte d\u00e8s les premi\u00e8res heures. Des conditions qui exigent au pr\u00e9alable une excellente pr\u00e9paration physique et mentale pour livrer la marchandise et tenir le coup.<\/p>\n<p>Scott Shawyer sait tr\u00e8s bien ce qui l\u2019attend l\u2019automne prochain. Il a d\u00e9cid\u00e9 de ramener <strong>Emira IV <\/strong>au Canada au printemps afin de faciliter et d\u2019intensifier son entra\u00eenement. Le bateau sera bas\u00e9 dans le port de Collingwood dans la baie G\u00e9orgienne, \u00e0 deux pas de son domicile. \u00ab Je suis encore impliqu\u00e9 dans les affaires et je ne peux pas consacrer tout mon temps \u00e0 la navigation. Les aller-retours entre le Canada et l\u2019Europe pour une semaine d\u2019entra\u00eenement sont contre-productifs. En ayant le bateau \u00e0 10 minutes de chez moi, je vais pouvoir multiplier les sorties d\u2019entra\u00eenement et choisir les bonnes conditions m\u00e9t\u00e9orologiques pour le faire. Je vais pouvoir r\u00e9p\u00e9ter m\u00e9thodiquement toutes les man\u0153uvres pour apprendre \u00e0 ma\u00eetriser ce bateau et \u00e0 d\u00e9gager tout son potentiel. Apprendre \u00e0 aller vite et aussi savoir quand il est temps de faire baisser la pression \u00bb pr\u00e9cise Scott.<\/p>\n<p>Le passage d\u2019un bateau \u00e0 d\u00e9rives vers un foiler constitue toute une mont\u00e9e en puissance. Les IMOCA de derni\u00e8re g\u00e9n\u00e9ration comme le plan Verdier de Scott Shawyer sont de v\u00e9ritables usines \u00e0 gaz. L\u2019apprentissage du fonctionnement de tous les syst\u00e8mes impliqu\u00e9s dans la marche du bateau repr\u00e9sente une \u00e9tape complexe, mais obligatoire. La conduite des foilers oblige une nouvelle gestion des \u00e9quilibres et de nouveaux param\u00e8tres \u00e0 assimiler. Scott Shawyer m\u2019explique que les bateaux ont tendance \u00e0 se cabrer, l\u2019\u00e9trave se soulevant tandis que le tableau arri\u00e8re s\u2019enfonce dans l\u2019eau. Un comportement qui a amen\u00e9 les \u00e9quipes \u00e0 installer des ballasts sur l\u2019\u00e9trave pour ramener le bateau \u00e0 l\u2019horizontale et soulager la pression sur le safran. Une fa\u00e7on de g\u00e9rer les forces et les \u00e9quilibres en trois dimensions.<\/p>\n<p>La saison 2025 a \u00e9t\u00e9 l\u2019occasion de disputer une premi\u00e8re \u00e9preuve d\u2019importance avec <strong>EMIRA IV<\/strong>. Scott a mont\u00e9 une \u00e9quipe au pied lev\u00e9 pour <em>The Ocean Race Europe<\/em> avec la coureuse britannique Pip Hare et les Fran\u00e7ais Christopher Pratt et S\u00e9bastien Marsset. \u00ab C\u2019\u00e9tait un environnement difficile \u00bb t\u00e9moigne Scott. \u00ab Nous n\u2019avions pas eu le temps de nous entra\u00eener. Il fallait t\u00e2tonner, exp\u00e9rimenter en temps r\u00e9el; nous manquions tellement d\u2019informations. \u00bb La r\u00e9gate a d\u00e9voil\u00e9 le comportement sauvage des foilers. En route vers Nice dans 38 n\u0153uds de vent \u00e0 un angle de 50\u00b0 du vent, <strong>EMIRA IV<\/strong> fon\u00e7ait \u00e0 35 n\u0153uds. Un rod\u00e9o. \u00ab Il y a deux fauteuils mont\u00e9s sur des ressorts sur lesquels tu peux te cramponner, ou bien tu te tiens debout en t\u2019accrochant au plafond. Impossible de tenir allong\u00e9 sur une couchette dans pareilles conditions. \u00bb<\/p>\n<p>Scott Shawyer a fait appel aux services de l\u2019Australien Nick Moloney comme patron de son \u00e9quipe. Moloney affiche une solide feuille de route qui va de la Coupe de l\u2019America au circuit IMOCA en passant par le Troph\u00e9e Jules-Verne, autant \u00e0 titre de navigateur que d\u2019entra\u00eeneur et de gestionnaire sportif. Sa t\u00e2che va consister \u00e0 coordonner la nouvelle \u00e9quipe de Canada Ocean Racing et notamment de trouver les moyens de la financer. \u00c0 l\u2019issue de la Route du Rhum, <strong>EMIRA IV<\/strong> reviendra \u00e0 Lorient qui sera sa nouvelle base op\u00e9rationnelle pour pr\u00e9parer la saison 2027 et la Transat Caf\u00e9 L\u2019Or.<\/p>\n<p>Un premier partenaire d\u2019importance s\u2019est joint \u00e0 l\u2019\u00e9quipe canadienne. Il s\u2019agit de H<sub>2<\/sub>O innovation, une entreprise qu\u00e9b\u00e9coise de traitement des eaux.<\/p>\n<p>\u00a0<\/p>\t\t\t\t\t\t\t\t<\/div>\n\t\t\t\t<\/div>\n\t\t\t\t\t<\/div>\n\t\t<\/div>\n\t\t\t\t\t<\/div>\n\t\t<\/section>\n\t\t\t\t<section class=\"elementor-section elementor-top-section elementor-element elementor-element-9832d98 elementor-section-boxed elementor-section-height-default elementor-section-height-default exad-glass-effect-no exad-sticky-section-no\" data-id=\"9832d98\" data-element_type=\"section\" data-e-type=\"section\">\n\t\t\t\t\t\t<div class=\"elementor-container elementor-column-gap-default\">\n\t\t\t\t\t<div class=\"elementor-column elementor-col-50 elementor-top-column elementor-element elementor-element-4cca74b exad-glass-effect-no exad-sticky-section-no\" data-id=\"4cca74b\" data-element_type=\"column\" data-e-type=\"column\">\n\t\t\t<div class=\"elementor-widget-wrap elementor-element-populated\">\n\t\t\t\t\t\t<div class=\"elementor-element elementor-element-b5076f7 exad-sticky-section-no exad-glass-effect-no elementor-widget elementor-widget-image\" data-id=\"b5076f7\" data-element_type=\"widget\" data-e-type=\"widget\" data-widget_type=\"image.default\">\n\t\t\t\t<div class=\"elementor-widget-container\">\n\t\t\t\t\t\t\t\t\t\t\t\t<figure class=\"wp-caption\">\n\t\t\t\t\t\t\t\t\t\t<img fetchpriority=\"high\" decoding=\"async\" width=\"1024\" height=\"683\" src=\"https:\/\/voile.qc.ca\/wp-content\/uploads\/2026\/04\/1-sur-le-pontGeorgiaSchofield_2L8A4874-1024x683.jpg\" class=\"attachment-large size-large wp-image-20580\" alt=\"\" srcset=\"https:\/\/voile.qc.ca\/wp-content\/uploads\/2026\/04\/1-sur-le-pontGeorgiaSchofield_2L8A4874-1024x683.jpg 1024w, https:\/\/voile.qc.ca\/wp-content\/uploads\/2026\/04\/1-sur-le-pontGeorgiaSchofield_2L8A4874-300x200.jpg 300w, https:\/\/voile.qc.ca\/wp-content\/uploads\/2026\/04\/1-sur-le-pontGeorgiaSchofield_2L8A4874-768x512.jpg 768w, https:\/\/voile.qc.ca\/wp-content\/uploads\/2026\/04\/1-sur-le-pontGeorgiaSchofield_2L8A4874-1536x1025.jpg 1536w, https:\/\/voile.qc.ca\/wp-content\/uploads\/2026\/04\/1-sur-le-pontGeorgiaSchofield_2L8A4874-2048x1366.jpg 2048w, https:\/\/voile.qc.ca\/wp-content\/uploads\/2026\/04\/1-sur-le-pontGeorgiaSchofield_2L8A4874-18x12.jpg 18w, https:\/\/voile.qc.ca\/wp-content\/uploads\/2026\/04\/1-sur-le-pontGeorgiaSchofield_2L8A4874-600x400.jpg 600w\" sizes=\"(max-width: 1024px) 100vw, 1024px\" \/>\t\t\t\t\t\t\t\t\t\t\t<figcaption class=\"widget-image-caption wp-caption-text\">Sur le pont d\u2019Emira IV l\u2019\u00e9t\u00e9 dernier pendant The Ocean Race Europe. Photo Georgia Schofield<\/figcaption>\n\t\t\t\t\t\t\t\t\t\t<\/figure>\n\t\t\t\t\t\t\t\t\t<\/div>\n\t\t\t\t<\/div>\n\t\t\t\t\t<\/div>\n\t\t<\/div>\n\t\t\t\t<div class=\"elementor-column elementor-col-50 elementor-top-column elementor-element elementor-element-62065da exad-glass-effect-no exad-sticky-section-no\" data-id=\"62065da\" data-element_type=\"column\" data-e-type=\"column\">\n\t\t\t<div class=\"elementor-widget-wrap elementor-element-populated\">\n\t\t\t\t\t\t<div class=\"elementor-element elementor-element-b75171c exad-sticky-section-no exad-glass-effect-no elementor-widget elementor-widget-image\" data-id=\"b75171c\" data-element_type=\"widget\" data-e-type=\"widget\" data-widget_type=\"image.default\">\n\t\t\t\t<div class=\"elementor-widget-container\">\n\t\t\t\t\t\t\t\t\t\t\t\t<figure class=\"wp-caption\">\n\t\t\t\t\t\t\t\t\t\t<img decoding=\"async\" width=\"1024\" height=\"683\" src=\"https:\/\/voile.qc.ca\/wp-content\/uploads\/2026\/04\/2-Scott-a-la-barre_EDITED-03070-1024x683.jpg\" class=\"attachment-large size-large wp-image-20581\" alt=\"\" srcset=\"https:\/\/voile.qc.ca\/wp-content\/uploads\/2026\/04\/2-Scott-a-la-barre_EDITED-03070-1024x683.jpg 1024w, https:\/\/voile.qc.ca\/wp-content\/uploads\/2026\/04\/2-Scott-a-la-barre_EDITED-03070-300x200.jpg 300w, https:\/\/voile.qc.ca\/wp-content\/uploads\/2026\/04\/2-Scott-a-la-barre_EDITED-03070-768x512.jpg 768w, https:\/\/voile.qc.ca\/wp-content\/uploads\/2026\/04\/2-Scott-a-la-barre_EDITED-03070-1536x1024.jpg 1536w, https:\/\/voile.qc.ca\/wp-content\/uploads\/2026\/04\/2-Scott-a-la-barre_EDITED-03070-2048x1365.jpg 2048w, https:\/\/voile.qc.ca\/wp-content\/uploads\/2026\/04\/2-Scott-a-la-barre_EDITED-03070-18x12.jpg 18w, https:\/\/voile.qc.ca\/wp-content\/uploads\/2026\/04\/2-Scott-a-la-barre_EDITED-03070-600x400.jpg 600w\" sizes=\"(max-width: 1024px) 100vw, 1024px\" \/>\t\t\t\t\t\t\t\t\t\t\t<figcaption class=\"widget-image-caption wp-caption-text\">Scott \u00e0 la barre  Photo Georgia Schofield<\/figcaption>\n\t\t\t\t\t\t\t\t\t\t<\/figure>\n\t\t\t\t\t\t\t\t\t<\/div>\n\t\t\t\t<\/div>\n\t\t\t\t\t<\/div>\n\t\t<\/div>\n\t\t\t\t\t<\/div>\n\t\t<\/section>\n\t\t\t\t<section class=\"elementor-section elementor-top-section elementor-element elementor-element-53a0b2d elementor-section-boxed elementor-section-height-default elementor-section-height-default exad-glass-effect-no exad-sticky-section-no\" data-id=\"53a0b2d\" data-element_type=\"section\" data-e-type=\"section\">\n\t\t\t\t\t\t<div class=\"elementor-container elementor-column-gap-default\">\n\t\t\t\t\t<div class=\"elementor-column elementor-col-33 elementor-top-column elementor-element elementor-element-09c0e58 exad-glass-effect-no exad-sticky-section-no\" data-id=\"09c0e58\" data-element_type=\"column\" data-e-type=\"column\">\n\t\t\t<div class=\"elementor-widget-wrap elementor-element-populated\">\n\t\t\t\t\t\t<div class=\"elementor-element elementor-element-80e2910 exad-sticky-section-no exad-glass-effect-no elementor-widget elementor-widget-image\" data-id=\"80e2910\" data-element_type=\"widget\" data-e-type=\"widget\" data-widget_type=\"image.default\">\n\t\t\t\t<div class=\"elementor-widget-container\">\n\t\t\t\t\t\t\t\t\t\t\t\t<figure class=\"wp-caption\">\n\t\t\t\t\t\t\t\t\t\t<img decoding=\"async\" width=\"1024\" height=\"683\" src=\"https:\/\/voile.qc.ca\/wp-content\/uploads\/2026\/04\/3-Team_Be_Water_Positive_01-1024x683.jpg\" class=\"attachment-large size-large wp-image-20582\" alt=\"\" srcset=\"https:\/\/voile.qc.ca\/wp-content\/uploads\/2026\/04\/3-Team_Be_Water_Positive_01-1024x683.jpg 1024w, https:\/\/voile.qc.ca\/wp-content\/uploads\/2026\/04\/3-Team_Be_Water_Positive_01-300x200.jpg 300w, https:\/\/voile.qc.ca\/wp-content\/uploads\/2026\/04\/3-Team_Be_Water_Positive_01-768x512.jpg 768w, https:\/\/voile.qc.ca\/wp-content\/uploads\/2026\/04\/3-Team_Be_Water_Positive_01-1536x1024.jpg 1536w, https:\/\/voile.qc.ca\/wp-content\/uploads\/2026\/04\/3-Team_Be_Water_Positive_01-2048x1365.jpg 2048w, https:\/\/voile.qc.ca\/wp-content\/uploads\/2026\/04\/3-Team_Be_Water_Positive_01-18x12.jpg 18w, https:\/\/voile.qc.ca\/wp-content\/uploads\/2026\/04\/3-Team_Be_Water_Positive_01-600x400.jpg 600w\" sizes=\"(max-width: 1024px) 100vw, 1024px\" \/>\t\t\t\t\t\t\t\t\t\t\t<figcaption class=\"widget-image-caption wp-caption-text\">Team Be Water Emira IV, comme tous les IMOCA modernes poss\u00e8de un cockpit enti\u00e8rement couvert pour prot\u00e9ger l\u2019\u00e9quipage \u00e0 haute vitesse. Photo Georgia Schofield<\/figcaption>\n\t\t\t\t\t\t\t\t\t\t<\/figure>\n\t\t\t\t\t\t\t\t\t<\/div>\n\t\t\t\t<\/div>\n\t\t\t\t\t<\/div>\n\t\t<\/div>\n\t\t\t\t<div class=\"elementor-column elementor-col-33 elementor-top-column elementor-element elementor-element-f84d68f exad-glass-effect-no exad-sticky-section-no\" data-id=\"f84d68f\" data-element_type=\"column\" data-e-type=\"column\">\n\t\t\t<div class=\"elementor-widget-wrap elementor-element-populated\">\n\t\t\t\t\t\t<div class=\"elementor-element elementor-element-fbce0dd exad-sticky-section-no exad-glass-effect-no elementor-widget elementor-widget-image\" data-id=\"fbce0dd\" data-element_type=\"widget\" data-e-type=\"widget\" data-widget_type=\"image.default\">\n\t\t\t\t<div class=\"elementor-widget-container\">\n\t\t\t\t\t\t\t\t\t\t\t\t<figure class=\"wp-caption\">\n\t\t\t\t\t\t\t\t\t\t<img loading=\"lazy\" decoding=\"async\" width=\"1024\" height=\"683\" src=\"https:\/\/voile.qc.ca\/wp-content\/uploads\/2026\/04\/4-Vue-rapprochee-avant-GeorgiaSchofield_2L8A5419-1024x683.jpg\" class=\"attachment-large size-large wp-image-20583\" alt=\"\" srcset=\"https:\/\/voile.qc.ca\/wp-content\/uploads\/2026\/04\/4-Vue-rapprochee-avant-GeorgiaSchofield_2L8A5419-1024x683.jpg 1024w, https:\/\/voile.qc.ca\/wp-content\/uploads\/2026\/04\/4-Vue-rapprochee-avant-GeorgiaSchofield_2L8A5419-300x200.jpg 300w, https:\/\/voile.qc.ca\/wp-content\/uploads\/2026\/04\/4-Vue-rapprochee-avant-GeorgiaSchofield_2L8A5419-768x512.jpg 768w, https:\/\/voile.qc.ca\/wp-content\/uploads\/2026\/04\/4-Vue-rapprochee-avant-GeorgiaSchofield_2L8A5419-1536x1025.jpg 1536w, https:\/\/voile.qc.ca\/wp-content\/uploads\/2026\/04\/4-Vue-rapprochee-avant-GeorgiaSchofield_2L8A5419-2048x1366.jpg 2048w, https:\/\/voile.qc.ca\/wp-content\/uploads\/2026\/04\/4-Vue-rapprochee-avant-GeorgiaSchofield_2L8A5419-18x12.jpg 18w, https:\/\/voile.qc.ca\/wp-content\/uploads\/2026\/04\/4-Vue-rapprochee-avant-GeorgiaSchofield_2L8A5419-600x400.jpg 600w\" sizes=\"(max-width: 1024px) 100vw, 1024px\" \/>\t\t\t\t\t\t\t\t\t\t\t<figcaption class=\"widget-image-caption wp-caption-text\">Vue rapproch\u00e9e L\u2019ex Groupe Dubreuil, d\u00e9sormais sous les couleurs de Canada Ocean racing, est un bateau encore dans le coup.  Photo Georgia Schofield<\/figcaption>\n\t\t\t\t\t\t\t\t\t\t<\/figure>\n\t\t\t\t\t\t\t\t\t<\/div>\n\t\t\t\t<\/div>\n\t\t\t\t\t<\/div>\n\t\t<\/div>\n\t\t\t\t<div class=\"elementor-column elementor-col-33 elementor-top-column elementor-element elementor-element-82fbca3 exad-glass-effect-no exad-sticky-section-no\" data-id=\"82fbca3\" data-element_type=\"column\" data-e-type=\"column\">\n\t\t\t<div class=\"elementor-widget-wrap elementor-element-populated\">\n\t\t\t\t\t\t<div class=\"elementor-element elementor-element-6ab9ae1 elementor-widget-tablet__width-initial exad-sticky-section-no exad-glass-effect-no elementor-widget elementor-widget-image\" data-id=\"6ab9ae1\" data-element_type=\"widget\" data-e-type=\"widget\" data-widget_type=\"image.default\">\n\t\t\t\t<div class=\"elementor-widget-container\">\n\t\t\t\t\t\t\t\t\t\t\t\t<figure class=\"wp-caption\">\n\t\t\t\t\t\t\t\t\t\t<img loading=\"lazy\" decoding=\"async\" width=\"1024\" height=\"683\" src=\"https:\/\/voile.qc.ca\/wp-content\/uploads\/2026\/04\/5-cockpit_GeorgiaSchofield_2L8A5146-1024x683.jpg\" class=\"attachment-large size-large wp-image-20584\" alt=\"\" srcset=\"https:\/\/voile.qc.ca\/wp-content\/uploads\/2026\/04\/5-cockpit_GeorgiaSchofield_2L8A5146-1024x683.jpg 1024w, https:\/\/voile.qc.ca\/wp-content\/uploads\/2026\/04\/5-cockpit_GeorgiaSchofield_2L8A5146-300x200.jpg 300w, https:\/\/voile.qc.ca\/wp-content\/uploads\/2026\/04\/5-cockpit_GeorgiaSchofield_2L8A5146-768x512.jpg 768w, https:\/\/voile.qc.ca\/wp-content\/uploads\/2026\/04\/5-cockpit_GeorgiaSchofield_2L8A5146-1536x1025.jpg 1536w, https:\/\/voile.qc.ca\/wp-content\/uploads\/2026\/04\/5-cockpit_GeorgiaSchofield_2L8A5146-2048x1366.jpg 2048w, https:\/\/voile.qc.ca\/wp-content\/uploads\/2026\/04\/5-cockpit_GeorgiaSchofield_2L8A5146-18x12.jpg 18w, https:\/\/voile.qc.ca\/wp-content\/uploads\/2026\/04\/5-cockpit_GeorgiaSchofield_2L8A5146-600x400.jpg 600w\" sizes=\"(max-width: 1024px) 100vw, 1024px\" \/>\t\t\t\t\t\t\t\t\t\t\t<figcaption class=\"widget-image-caption wp-caption-text\">Cockpit Le cockpit d\u2019Emira IV met l\u2019\u00e9quipage \u00e0 l\u2019abri des vagues, mais pas de la chaleur excessive par beau temps. Photo Georgia Schofield<\/figcaption>\n\t\t\t\t\t\t\t\t\t\t<\/figure>\n\t\t\t\t\t\t\t\t\t<\/div>\n\t\t\t\t<\/div>\n\t\t\t\t\t<\/div>\n\t\t<\/div>\n\t\t\t\t\t<\/div>\n\t\t<\/section>\n\t\t\t\t<section class=\"elementor-section elementor-top-section elementor-element elementor-element-eb231a8 elementor-section-boxed elementor-section-height-default elementor-section-height-default exad-glass-effect-no exad-sticky-section-no\" data-id=\"eb231a8\" data-element_type=\"section\" data-e-type=\"section\">\n\t\t\t\t\t\t<div class=\"elementor-container elementor-column-gap-default\">\n\t\t\t\t\t<div class=\"elementor-column elementor-col-100 elementor-top-column elementor-element elementor-element-5e0c7dd exad-glass-effect-no exad-sticky-section-no\" data-id=\"5e0c7dd\" data-element_type=\"column\" data-e-type=\"column\">\n\t\t\t<div class=\"elementor-widget-wrap\">\n\t\t\t\t\t\t\t<\/div>\n\t\t<\/div>\n\t\t\t\t\t<\/div>\n\t\t<\/section>\n\t\t\t\t<\/div>\n\t\t","protected":false},"excerpt":{"rendered":"<p>Scott Shawyer fait l\u2019acquisition d\u2019un nouvel IMOCA pour le Vend\u00e9e Globe 2028 Auteur Michel Sacco. Il ne faut que les deux doigts d\u2019une seule main pour compter les coureurs au large canadiens qui ont pris le d\u00e9part du Vend\u00e9e Globe. Le premier, le Qu\u00e9b\u00e9cois Gerry Roufs, est associ\u00e9 au douloureux souvenir de sa disparition dans [&hellip;]<\/p>\n","protected":false},"author":32,"featured_media":20582,"comment_status":"closed","ping_status":"closed","sticky":false,"template":"","format":"standard","meta":{"_acf_changed":false,"site-sidebar-layout":"default","site-content-layout":"","ast-site-content-layout":"default","site-content-style":"default","site-sidebar-style":"default","ast-global-header-display":"","ast-banner-title-visibility":"","ast-main-header-display":"","ast-hfb-above-header-display":"","ast-hfb-below-header-display":"","ast-hfb-mobile-header-display":"","site-post-title":"","ast-breadcrumbs-content":"","ast-featured-img":"","footer-sml-layout":"","ast-disable-related-posts":"","theme-transparent-header-meta":"","adv-header-id-meta":"","stick-header-meta":"","header-above-stick-meta":"","header-main-stick-meta":"","header-below-stick-meta":"","astra-migrate-meta-layouts":"set","ast-page-background-enabled":"default","ast-page-background-meta":{"desktop":{"background-color":"","background-image":"","background-repeat":"repeat","background-position":"center center","background-size":"auto","background-attachment":"scroll","background-type":"","background-media":"","overlay-type":"","overlay-color":"","overlay-opacity":"","overlay-gradient":""},"tablet":{"background-color":"","background-image":"","background-repeat":"repeat","background-position":"center center","background-size":"auto","background-attachment":"scroll","background-type":"","background-media":"","overlay-type":"","overlay-color":"","overlay-opacity":"","overlay-gradient":""},"mobile":{"background-color":"","background-image":"","background-repeat":"repeat","background-position":"center center","background-size":"auto","background-attachment":"scroll","background-type":"","background-media":"","overlay-type":"","overlay-color":"","overlay-opacity":"","overlay-gradient":""}},"ast-content-background-meta":{"desktop":{"background-color":"var(--ast-global-color-5)","background-image":"","background-repeat":"repeat","background-position":"center center","background-size":"auto","background-attachment":"scroll","background-type":"","background-media":"","overlay-type":"","overlay-color":"","overlay-opacity":"","overlay-gradient":""},"tablet":{"background-color":"var(--ast-global-color-5)","background-image":"","background-repeat":"repeat","background-position":"center center","background-size":"auto","background-attachment":"scroll","background-type":"","background-media":"","overlay-type":"","overlay-color":"","overlay-opacity":"","overlay-gradient":""},"mobile":{"background-color":"var(--ast-global-color-5)","background-image":"","background-repeat":"repeat","background-position":"center center","background-size":"auto","background-attachment":"scroll","background-type":"","background-media":"","overlay-type":"","overlay-color":"","overlay-opacity":"","overlay-gradient":""}},"_jetpack_memberships_contains_paid_content":false,"footnotes":""},"categories":[1],"tags":[],"class_list":["post-20575","post","type-post","status-publish","format-standard","has-post-thumbnail","hentry","category-non-classe"],"acf":[],"yoast_head":"<!-- This site is optimized with the Yoast SEO plugin v27.0 - https:\/\/yoast.com\/product\/yoast-seo-wordpress\/ -->\n<title>Scott Shawyer fait l\u2019acquisition d\u2019un nouvel IMOCA pour le Vend\u00e9e Globe 2028 - Voile Qu\u00e9bec<\/title>\n<meta name=\"robots\" content=\"index, follow, max-snippet:-1, max-image-preview:large, max-video-preview:-1\" \/>\n<link rel=\"canonical\" href=\"https:\/\/voile.qc.ca\/fr\/2026\/03\/20\/scott-shawyer-fait-lacquisition-dun-nouvel-imoca-pour-le-vendee-globe-2028\/\" \/>\n<meta property=\"og:locale\" content=\"fr_CA\" \/>\n<meta property=\"og:type\" content=\"article\" \/>\n<meta property=\"og:title\" content=\"Scott Shawyer fait l\u2019acquisition d\u2019un nouvel IMOCA pour le Vend\u00e9e Globe 2028 - Voile Qu\u00e9bec\" \/>\n<meta property=\"og:description\" content=\"Scott Shawyer fait l\u2019acquisition d\u2019un nouvel IMOCA pour le Vend\u00e9e Globe 2028 Auteur Michel Sacco. Il ne faut que les deux doigts d\u2019une seule main pour compter les coureurs au large canadiens qui ont pris le d\u00e9part du Vend\u00e9e Globe. Le premier, le Qu\u00e9b\u00e9cois Gerry Roufs, est associ\u00e9 au douloureux souvenir de sa disparition dans [&hellip;]\" \/>\n<meta property=\"og:url\" content=\"https:\/\/voile.qc.ca\/fr\/2026\/03\/20\/scott-shawyer-fait-lacquisition-dun-nouvel-imoca-pour-le-vendee-globe-2028\/\" \/>\n<meta property=\"og:site_name\" content=\"Voile Qu\u00e9bec\" \/>\n<meta property=\"article:publisher\" content=\"https:\/\/www.facebook.com\/voilequebec\" \/>\n<meta property=\"article:published_time\" content=\"2026-03-21T02:28:36+00:00\" \/>\n<meta property=\"article:modified_time\" content=\"2026-04-30T02:44:22+00:00\" \/>\n<meta property=\"og:image\" content=\"https:\/\/voile.qc.ca\/wp-content\/uploads\/2026\/04\/3-Team_Be_Water_Positive_01-scaled.jpg\" \/>\n\t<meta property=\"og:image:width\" content=\"2560\" \/>\n\t<meta property=\"og:image:height\" content=\"1707\" \/>\n\t<meta property=\"og:image:type\" content=\"image\/jpeg\" \/>\n<meta name=\"author\" content=\"Voile Qu\u00e9bec\" \/>\n<meta name=\"twitter:card\" content=\"summary_large_image\" \/>\n<meta name=\"twitter:label1\" content=\"\u00c9crit par\" \/>\n\t<meta name=\"twitter:data1\" content=\"Voile Qu\u00e9bec\" \/>\n\t<meta name=\"twitter:label2\" content=\"Estimation du temps de lecture\" \/>\n\t<meta name=\"twitter:data2\" content=\"11 minutes\" \/>\n<script type=\"application\/ld+json\" class=\"yoast-schema-graph\">{\"@context\":\"https:\/\/schema.org\",\"@graph\":[{\"@type\":\"Article\",\"@id\":\"https:\/\/voile.qc.ca\/2026\/03\/20\/scott-shawyer-fait-lacquisition-dun-nouvel-imoca-pour-le-vendee-globe-2028\/#article\",\"isPartOf\":{\"@id\":\"https:\/\/voile.qc.ca\/2026\/03\/20\/scott-shawyer-fait-lacquisition-dun-nouvel-imoca-pour-le-vendee-globe-2028\/\"},\"author\":{\"name\":\"Voile Qu\u00e9bec\",\"@id\":\"https:\/\/voile.qc.ca\/fr\/#\/schema\/person\/fe83644bf773e221cca568bf74310f20\"},\"headline\":\"Scott Shawyer fait l\u2019acquisition d\u2019un nouvel IMOCA pour le Vend\u00e9e Globe 2028\",\"datePublished\":\"2026-03-21T02:28:36+00:00\",\"dateModified\":\"2026-04-30T02:44:22+00:00\",\"mainEntityOfPage\":{\"@id\":\"https:\/\/voile.qc.ca\/2026\/03\/20\/scott-shawyer-fait-lacquisition-dun-nouvel-imoca-pour-le-vendee-globe-2028\/\"},\"wordCount\":2032,\"publisher\":{\"@id\":\"https:\/\/voile.qc.ca\/fr\/#organization\"},\"image\":{\"@id\":\"https:\/\/voile.qc.ca\/2026\/03\/20\/scott-shawyer-fait-lacquisition-dun-nouvel-imoca-pour-le-vendee-globe-2028\/#primaryimage\"},\"thumbnailUrl\":\"https:\/\/voile.qc.ca\/wp-content\/uploads\/2026\/04\/3-Team_Be_Water_Positive_01-scaled.jpg\",\"inLanguage\":\"fr-CA\"},{\"@type\":\"WebPage\",\"@id\":\"https:\/\/voile.qc.ca\/2026\/03\/20\/scott-shawyer-fait-lacquisition-dun-nouvel-imoca-pour-le-vendee-globe-2028\/\",\"url\":\"https:\/\/voile.qc.ca\/2026\/03\/20\/scott-shawyer-fait-lacquisition-dun-nouvel-imoca-pour-le-vendee-globe-2028\/\",\"name\":\"Scott Shawyer fait l\u2019acquisition d\u2019un nouvel IMOCA pour le Vend\u00e9e Globe 2028 - Voile Qu\u00e9bec\",\"isPartOf\":{\"@id\":\"https:\/\/voile.qc.ca\/fr\/#website\"},\"primaryImageOfPage\":{\"@id\":\"https:\/\/voile.qc.ca\/2026\/03\/20\/scott-shawyer-fait-lacquisition-dun-nouvel-imoca-pour-le-vendee-globe-2028\/#primaryimage\"},\"image\":{\"@id\":\"https:\/\/voile.qc.ca\/2026\/03\/20\/scott-shawyer-fait-lacquisition-dun-nouvel-imoca-pour-le-vendee-globe-2028\/#primaryimage\"},\"thumbnailUrl\":\"https:\/\/voile.qc.ca\/wp-content\/uploads\/2026\/04\/3-Team_Be_Water_Positive_01-scaled.jpg\",\"datePublished\":\"2026-03-21T02:28:36+00:00\",\"dateModified\":\"2026-04-30T02:44:22+00:00\",\"breadcrumb\":{\"@id\":\"https:\/\/voile.qc.ca\/2026\/03\/20\/scott-shawyer-fait-lacquisition-dun-nouvel-imoca-pour-le-vendee-globe-2028\/#breadcrumb\"},\"inLanguage\":\"fr-CA\",\"potentialAction\":[{\"@type\":\"ReadAction\",\"target\":[\"https:\/\/voile.qc.ca\/2026\/03\/20\/scott-shawyer-fait-lacquisition-dun-nouvel-imoca-pour-le-vendee-globe-2028\/\"]}]},{\"@type\":\"ImageObject\",\"inLanguage\":\"fr-CA\",\"@id\":\"https:\/\/voile.qc.ca\/2026\/03\/20\/scott-shawyer-fait-lacquisition-dun-nouvel-imoca-pour-le-vendee-globe-2028\/#primaryimage\",\"url\":\"https:\/\/voile.qc.ca\/wp-content\/uploads\/2026\/04\/3-Team_Be_Water_Positive_01-scaled.jpg\",\"contentUrl\":\"https:\/\/voile.qc.ca\/wp-content\/uploads\/2026\/04\/3-Team_Be_Water_Positive_01-scaled.jpg\",\"width\":2560,\"height\":1707},{\"@type\":\"BreadcrumbList\",\"@id\":\"https:\/\/voile.qc.ca\/2026\/03\/20\/scott-shawyer-fait-lacquisition-dun-nouvel-imoca-pour-le-vendee-globe-2028\/#breadcrumb\",\"itemListElement\":[{\"@type\":\"ListItem\",\"position\":1,\"name\":\"Accueil\",\"item\":\"https:\/\/voile.qc.ca\/\"},{\"@type\":\"ListItem\",\"position\":2,\"name\":\"Scott Shawyer fait l\u2019acquisition d\u2019un nouvel IMOCA pour le Vend\u00e9e Globe 2028\"}]},{\"@type\":\"WebSite\",\"@id\":\"https:\/\/voile.qc.ca\/fr\/#website\",\"url\":\"https:\/\/voile.qc.ca\/fr\/\",\"name\":\"Voile Qu\u00e9bec\",\"description\":\"La r\u00e9f\u00e9rence de voile au Qu\u00e9bec\",\"publisher\":{\"@id\":\"https:\/\/voile.qc.ca\/fr\/#organization\"},\"potentialAction\":[{\"@type\":\"SearchAction\",\"target\":{\"@type\":\"EntryPoint\",\"urlTemplate\":\"https:\/\/voile.qc.ca\/fr\/?s={search_term_string}\"},\"query-input\":{\"@type\":\"PropertyValueSpecification\",\"valueRequired\":true,\"valueName\":\"search_term_string\"}}],\"inLanguage\":\"fr-CA\"},{\"@type\":\"Organization\",\"@id\":\"https:\/\/voile.qc.ca\/fr\/#organization\",\"name\":\"F\u00e9d\u00e9ration de Voile du Qu\u00e9bec\",\"url\":\"https:\/\/voile.qc.ca\/fr\/\",\"logo\":{\"@type\":\"ImageObject\",\"inLanguage\":\"fr-CA\",\"@id\":\"https:\/\/voile.qc.ca\/fr\/#\/schema\/logo\/image\/\",\"url\":\"https:\/\/voile.qc.ca\/wp-content\/uploads\/2023\/11\/cropped-bateau-bleu-V5.png\",\"contentUrl\":\"https:\/\/voile.qc.ca\/wp-content\/uploads\/2023\/11\/cropped-bateau-bleu-V5.png\",\"width\":500,\"height\":116,\"caption\":\"F\u00e9d\u00e9ration de Voile du Qu\u00e9bec\"},\"image\":{\"@id\":\"https:\/\/voile.qc.ca\/fr\/#\/schema\/logo\/image\/\"},\"sameAs\":[\"https:\/\/www.facebook.com\/voilequebec\",\"https:\/\/www.instagram.com\/voilequebec\"]},{\"@type\":\"Person\",\"@id\":\"https:\/\/voile.qc.ca\/fr\/#\/schema\/person\/fe83644bf773e221cca568bf74310f20\",\"name\":\"Voile Qu\u00e9bec\",\"image\":{\"@type\":\"ImageObject\",\"inLanguage\":\"fr-CA\",\"@id\":\"https:\/\/voile.qc.ca\/fr\/#\/schema\/person\/image\/\",\"url\":\"https:\/\/secure.gravatar.com\/avatar\/1eb7971926fca7a8c92d0857d1932e21b6529e985509adeda4eb4f38b3657098?s=96&d=mm&r=g\",\"contentUrl\":\"https:\/\/secure.gravatar.com\/avatar\/1eb7971926fca7a8c92d0857d1932e21b6529e985509adeda4eb4f38b3657098?s=96&d=mm&r=g\",\"caption\":\"Voile Qu\u00e9bec\"},\"url\":\"https:\/\/voile.qc.ca\/fr\/author\/florence\/\"}]}<\/script>\n<!-- \/ Yoast SEO plugin. -->","yoast_head_json":{"title":"Scott Shawyer fait l\u2019acquisition d\u2019un nouvel IMOCA pour le Vend\u00e9e Globe 2028 - Voile Qu\u00e9bec","robots":{"index":"index","follow":"follow","max-snippet":"max-snippet:-1","max-image-preview":"max-image-preview:large","max-video-preview":"max-video-preview:-1"},"canonical":"https:\/\/voile.qc.ca\/fr\/2026\/03\/20\/scott-shawyer-fait-lacquisition-dun-nouvel-imoca-pour-le-vendee-globe-2028\/","og_locale":"fr_CA","og_type":"article","og_title":"Scott Shawyer fait l\u2019acquisition d\u2019un nouvel IMOCA pour le Vend\u00e9e Globe 2028 - Voile Qu\u00e9bec","og_description":"Scott Shawyer fait l\u2019acquisition d\u2019un nouvel IMOCA pour le Vend\u00e9e Globe 2028 Auteur Michel Sacco. Il ne faut que les deux doigts d\u2019une seule main pour compter les coureurs au large canadiens qui ont pris le d\u00e9part du Vend\u00e9e Globe. Le premier, le Qu\u00e9b\u00e9cois Gerry Roufs, est associ\u00e9 au douloureux souvenir de sa disparition dans [&hellip;]","og_url":"https:\/\/voile.qc.ca\/fr\/2026\/03\/20\/scott-shawyer-fait-lacquisition-dun-nouvel-imoca-pour-le-vendee-globe-2028\/","og_site_name":"Voile Qu\u00e9bec","article_publisher":"https:\/\/www.facebook.com\/voilequebec","article_published_time":"2026-03-21T02:28:36+00:00","article_modified_time":"2026-04-30T02:44:22+00:00","og_image":[{"width":2560,"height":1707,"url":"https:\/\/voile.qc.ca\/wp-content\/uploads\/2026\/04\/3-Team_Be_Water_Positive_01-scaled.jpg","type":"image\/jpeg"}],"author":"Voile Qu\u00e9bec","twitter_card":"summary_large_image","twitter_misc":{"\u00c9crit par":"Voile Qu\u00e9bec","Estimation du temps de lecture":"11 minutes"},"schema":{"@context":"https:\/\/schema.org","@graph":[{"@type":"Article","@id":"https:\/\/voile.qc.ca\/2026\/03\/20\/scott-shawyer-fait-lacquisition-dun-nouvel-imoca-pour-le-vendee-globe-2028\/#article","isPartOf":{"@id":"https:\/\/voile.qc.ca\/2026\/03\/20\/scott-shawyer-fait-lacquisition-dun-nouvel-imoca-pour-le-vendee-globe-2028\/"},"author":{"name":"Voile Qu\u00e9bec","@id":"https:\/\/voile.qc.ca\/fr\/#\/schema\/person\/fe83644bf773e221cca568bf74310f20"},"headline":"Scott Shawyer fait l\u2019acquisition d\u2019un nouvel IMOCA pour le Vend\u00e9e Globe 2028","datePublished":"2026-03-21T02:28:36+00:00","dateModified":"2026-04-30T02:44:22+00:00","mainEntityOfPage":{"@id":"https:\/\/voile.qc.ca\/2026\/03\/20\/scott-shawyer-fait-lacquisition-dun-nouvel-imoca-pour-le-vendee-globe-2028\/"},"wordCount":2032,"publisher":{"@id":"https:\/\/voile.qc.ca\/fr\/#organization"},"image":{"@id":"https:\/\/voile.qc.ca\/2026\/03\/20\/scott-shawyer-fait-lacquisition-dun-nouvel-imoca-pour-le-vendee-globe-2028\/#primaryimage"},"thumbnailUrl":"https:\/\/voile.qc.ca\/wp-content\/uploads\/2026\/04\/3-Team_Be_Water_Positive_01-scaled.jpg","inLanguage":"fr-CA"},{"@type":"WebPage","@id":"https:\/\/voile.qc.ca\/2026\/03\/20\/scott-shawyer-fait-lacquisition-dun-nouvel-imoca-pour-le-vendee-globe-2028\/","url":"https:\/\/voile.qc.ca\/2026\/03\/20\/scott-shawyer-fait-lacquisition-dun-nouvel-imoca-pour-le-vendee-globe-2028\/","name":"Scott Shawyer fait l\u2019acquisition d\u2019un nouvel IMOCA pour le Vend\u00e9e Globe 2028 - Voile Qu\u00e9bec","isPartOf":{"@id":"https:\/\/voile.qc.ca\/fr\/#website"},"primaryImageOfPage":{"@id":"https:\/\/voile.qc.ca\/2026\/03\/20\/scott-shawyer-fait-lacquisition-dun-nouvel-imoca-pour-le-vendee-globe-2028\/#primaryimage"},"image":{"@id":"https:\/\/voile.qc.ca\/2026\/03\/20\/scott-shawyer-fait-lacquisition-dun-nouvel-imoca-pour-le-vendee-globe-2028\/#primaryimage"},"thumbnailUrl":"https:\/\/voile.qc.ca\/wp-content\/uploads\/2026\/04\/3-Team_Be_Water_Positive_01-scaled.jpg","datePublished":"2026-03-21T02:28:36+00:00","dateModified":"2026-04-30T02:44:22+00:00","breadcrumb":{"@id":"https:\/\/voile.qc.ca\/2026\/03\/20\/scott-shawyer-fait-lacquisition-dun-nouvel-imoca-pour-le-vendee-globe-2028\/#breadcrumb"},"inLanguage":"fr-CA","potentialAction":[{"@type":"ReadAction","target":["https:\/\/voile.qc.ca\/2026\/03\/20\/scott-shawyer-fait-lacquisition-dun-nouvel-imoca-pour-le-vendee-globe-2028\/"]}]},{"@type":"ImageObject","inLanguage":"fr-CA","@id":"https:\/\/voile.qc.ca\/2026\/03\/20\/scott-shawyer-fait-lacquisition-dun-nouvel-imoca-pour-le-vendee-globe-2028\/#primaryimage","url":"https:\/\/voile.qc.ca\/wp-content\/uploads\/2026\/04\/3-Team_Be_Water_Positive_01-scaled.jpg","contentUrl":"https:\/\/voile.qc.ca\/wp-content\/uploads\/2026\/04\/3-Team_Be_Water_Positive_01-scaled.jpg","width":2560,"height":1707},{"@type":"BreadcrumbList","@id":"https:\/\/voile.qc.ca\/2026\/03\/20\/scott-shawyer-fait-lacquisition-dun-nouvel-imoca-pour-le-vendee-globe-2028\/#breadcrumb","itemListElement":[{"@type":"ListItem","position":1,"name":"Accueil","item":"https:\/\/voile.qc.ca\/"},{"@type":"ListItem","position":2,"name":"Scott Shawyer fait l\u2019acquisition d\u2019un nouvel IMOCA pour le Vend\u00e9e Globe 2028"}]},{"@type":"WebSite","@id":"https:\/\/voile.qc.ca\/fr\/#website","url":"https:\/\/voile.qc.ca\/fr\/","name":"Voile Qu\u00e9bec","description":"La r\u00e9f\u00e9rence de voile au Qu\u00e9bec","publisher":{"@id":"https:\/\/voile.qc.ca\/fr\/#organization"},"potentialAction":[{"@type":"SearchAction","target":{"@type":"EntryPoint","urlTemplate":"https:\/\/voile.qc.ca\/fr\/?s={search_term_string}"},"query-input":{"@type":"PropertyValueSpecification","valueRequired":true,"valueName":"search_term_string"}}],"inLanguage":"fr-CA"},{"@type":"Organization","@id":"https:\/\/voile.qc.ca\/fr\/#organization","name":"F\u00e9d\u00e9ration de Voile du Qu\u00e9bec","url":"https:\/\/voile.qc.ca\/fr\/","logo":{"@type":"ImageObject","inLanguage":"fr-CA","@id":"https:\/\/voile.qc.ca\/fr\/#\/schema\/logo\/image\/","url":"https:\/\/voile.qc.ca\/wp-content\/uploads\/2023\/11\/cropped-bateau-bleu-V5.png","contentUrl":"https:\/\/voile.qc.ca\/wp-content\/uploads\/2023\/11\/cropped-bateau-bleu-V5.png","width":500,"height":116,"caption":"F\u00e9d\u00e9ration de Voile du Qu\u00e9bec"},"image":{"@id":"https:\/\/voile.qc.ca\/fr\/#\/schema\/logo\/image\/"},"sameAs":["https:\/\/www.facebook.com\/voilequebec","https:\/\/www.instagram.com\/voilequebec"]},{"@type":"Person","@id":"https:\/\/voile.qc.ca\/fr\/#\/schema\/person\/fe83644bf773e221cca568bf74310f20","name":"Voile Qu\u00e9bec","image":{"@type":"ImageObject","inLanguage":"fr-CA","@id":"https:\/\/voile.qc.ca\/fr\/#\/schema\/person\/image\/","url":"https:\/\/secure.gravatar.com\/avatar\/1eb7971926fca7a8c92d0857d1932e21b6529e985509adeda4eb4f38b3657098?s=96&d=mm&r=g","contentUrl":"https:\/\/secure.gravatar.com\/avatar\/1eb7971926fca7a8c92d0857d1932e21b6529e985509adeda4eb4f38b3657098?s=96&d=mm&r=g","caption":"Voile Qu\u00e9bec"},"url":"https:\/\/voile.qc.ca\/fr\/author\/florence\/"}]}},"jetpack_featured_media_url":"https:\/\/voile.qc.ca\/wp-content\/uploads\/2026\/04\/3-Team_Be_Water_Positive_01-scaled.jpg","jetpack_sharing_enabled":true,"_links":{"self":[{"href":"https:\/\/voile.qc.ca\/fr\/wp-json\/wp\/v2\/posts\/20575","targetHints":{"allow":["GET"]}}],"collection":[{"href":"https:\/\/voile.qc.ca\/fr\/wp-json\/wp\/v2\/posts"}],"about":[{"href":"https:\/\/voile.qc.ca\/fr\/wp-json\/wp\/v2\/types\/post"}],"author":[{"embeddable":true,"href":"https:\/\/voile.qc.ca\/fr\/wp-json\/wp\/v2\/users\/32"}],"replies":[{"embeddable":true,"href":"https:\/\/voile.qc.ca\/fr\/wp-json\/wp\/v2\/comments?post=20575"}],"version-history":[{"count":14,"href":"https:\/\/voile.qc.ca\/fr\/wp-json\/wp\/v2\/posts\/20575\/revisions"}],"predecessor-version":[{"id":20599,"href":"https:\/\/voile.qc.ca\/fr\/wp-json\/wp\/v2\/posts\/20575\/revisions\/20599"}],"wp:featuredmedia":[{"embeddable":true,"href":"https:\/\/voile.qc.ca\/fr\/wp-json\/wp\/v2\/media\/20582"}],"wp:attachment":[{"href":"https:\/\/voile.qc.ca\/fr\/wp-json\/wp\/v2\/media?parent=20575"}],"wp:term":[{"taxonomy":"category","embeddable":true,"href":"https:\/\/voile.qc.ca\/fr\/wp-json\/wp\/v2\/categories?post=20575"},{"taxonomy":"post_tag","embeddable":true,"href":"https:\/\/voile.qc.ca\/fr\/wp-json\/wp\/v2\/tags?post=20575"}],"curies":[{"name":"wp","href":"https:\/\/api.w.org\/{rel}","templated":true}]}}