{"id":18229,"date":"2025-09-17T11:38:49","date_gmt":"2025-09-17T15:38:49","guid":{"rendered":"https:\/\/voile.qc.ca\/?p=18229"},"modified":"2026-03-11T18:57:23","modified_gmt":"2026-03-11T22:57:23","slug":"wecanfoil-un-programme-pour-democratiser-la-regate-sur-foil-duplicate-18113","status":"publish","type":"post","link":"https:\/\/voile.qc.ca\/fr\/2025\/09\/17\/wecanfoil-un-programme-pour-democratiser-la-regate-sur-foil-duplicate-18113\/","title":{"rendered":"Open CST Kingston Weekend"},"content":{"rendered":"\t\t<div data-elementor-type=\"wp-post\" data-elementor-id=\"18229\" class=\"elementor elementor-18229\">\n\t\t\t\t\t\t<section class=\"elementor-section elementor-top-section elementor-element elementor-element-41107aa elementor-section-boxed elementor-section-height-default elementor-section-height-default exad-glass-effect-no exad-sticky-section-no\" data-id=\"41107aa\" data-element_type=\"section\" data-e-type=\"section\">\n\t\t\t\t\t\t<div class=\"elementor-container elementor-column-gap-default\">\n\t\t\t\t\t<div class=\"elementor-column elementor-col-100 elementor-top-column elementor-element elementor-element-9c0edcf exad-glass-effect-no exad-sticky-section-no\" data-id=\"9c0edcf\" data-element_type=\"column\" data-e-type=\"column\">\n\t\t\t<div class=\"elementor-widget-wrap elementor-element-populated\">\n\t\t\t\t\t\t<div class=\"elementor-element elementor-element-aa9e6ea exad-sticky-section-no exad-glass-effect-no elementor-widget elementor-widget-text-editor\" data-id=\"aa9e6ea\" data-element_type=\"widget\" data-e-type=\"widget\" data-widget_type=\"text-editor.default\">\n\t\t\t\t<div class=\"elementor-widget-container\">\n\t\t\t\t\t\t\t\t\t<p><strong>Open CST Kingston\u00a0 \u2013 Fin de semaine ouverte de l\u2019\u00e9quipe canadienne de voile (\u00c9CV) \u00e0 Kingston<\/strong><\/p><p>Voile Canada a lanc\u00e9 sa premi\u00e8re fin de semaine ouverte d\u2019entra\u00eenement de l\u2019\u00e9quipe canadienne de voile (\u00c9CV) \u00e0 Kingston, du 5 au 7 septembre, r\u00e9unissant des membres de l\u2019\u00e9quipe nationale, des athl\u00e8tes prometteurs faisant partie du parcours olympique et des mentors olympiques pour trois jours d\u2019entra\u00eenement intensif et d\u2019apprentissage partag\u00e9.<\/p><p><strong>Participation et int\u00e9gration des athl\u00e8tes<\/strong><br \/>Les membres de l\u2019\u00c9CV Arie Moffat, Annie Balasubramanian, Clara Gravely, Lilly Rainham, Thomas Staples et William Staples ont \u00e9t\u00e9 rejoints par James Huynh, tout juste m\u00e9daill\u00e9 de bronze aux Jeux panam\u00e9ricains juniors en Formula Kite masculin, ainsi que par un groupe d\u2019athl\u00e8tes forts de l\u2019Ontario et du Qu\u00e9bec faisant partie du parcours olympique.<\/p><p>Avec des athl\u00e8tes des classes en ILCA 6, ILCA 7, 49er et Formula Kite s\u2019entra\u00eenant tous ensemble sur l\u2019eau, ce bloc a cr\u00e9\u00e9 une occasion rare d\u2019int\u00e9gration entre les classes. Les athl\u00e8tes ont compar\u00e9 leurs approches, partag\u00e9 leurs connaissances en mati\u00e8re de course et \u00e9tabli des liens qui renforcent la culture canadienne de la voile de haute performance dans son ensemble.<\/p><p><strong>Encadrement, leadership et mentorat<\/strong><br \/>Sous la direction de l\u2019entra\u00eeneur en chef Ken Dool, le programme a b\u00e9n\u00e9fici\u00e9 de l\u2019expertise des personnes suivantes :<\/p><p>-Les olympiens John Curtis et Ali ten Hove ont anim\u00e9 une soir\u00e9e inspirante au cours de laquelle ils ont parl\u00e9 de leur parcours olympique et de leurs strat\u00e9gies pour une carri\u00e8re durable.<br \/>-L\u2019entra\u00eeneure de l\u2019\u00e9quipe du Qu\u00e9bec Caroline de Alcala, ainsi qu\u2019Audrey Staples et Nicolas Tosi, ont chacun apport\u00e9 leur expertise technique et leur soutien aux athl\u00e8tes.<\/p><p><strong>Environnement d\u2019entra\u00eenement<\/strong><br \/>Kingston a offert des conditions exceptionnelles avec des vents de 11 \u00e0 20 n\u0153uds, permettant :<\/p><p>&#8211;\u00a0 S\u00e9ances tactiques et techniques intensives sur l\u2019eau<br \/>&#8211; Entra\u00eenements ax\u00e9s sur le d\u00e9part et la course<br \/>&#8211; Environ 11 heures de navigation cibl\u00e9e<br \/>&#8211; Deux s\u00e9ances d\u2019entra\u00eenement physique et de conditionnement physique<br \/>&#8211; Briefings et d\u00e9briefings quotidiens avec visionnement de vid\u00e9os, favorisant la r\u00e9flexion, la responsabilisation et l\u2019apprentissage entre pairs, tant sur le plan technique que tactique, sous la direction de Ken Dool<\/p><p>La combinaison de conditions difficiles, d\u2019un soutien structur\u00e9 et d\u2019un d\u00e9briefing efficace a plac\u00e9 le d\u00e9veloppement et l\u2019apprentissage partag\u00e9 au c\u0153ur de la fin de semaine.<\/p><p><strong>\u00a0<\/strong><\/p><p><strong>Perspectives d\u2019avenir<\/strong><br \/>Ce bloc \u00e0 Kingston a jet\u00e9 des bases solides pour le cycle d\u2019entra\u00eenement d\u2019automne. Les prochaines occasions pour les athl\u00e8tes canadiens de participer aux fins de semaine ouvertes de l\u2019\u00c9CV sont les suivantes :<\/p><p>Vancouver \u2013 12-14 septembre 2025<br \/>Halifax \u2013 19-21 septembre 2025<\/p><p>Ces prochaines fins de semaine permettront de poursuivre sur la lanc\u00e9e, alors que les navigateurs canadiens affinent leurs comp\u00e9tences, renforcent la culture d\u2019\u00e9quipe et poursuivent leur long parcours olympique.<\/p>\t\t\t\t\t\t\t\t<\/div>\n\t\t\t\t<\/div>\n\t\t\t\t\t<\/div>\n\t\t<\/div>\n\t\t\t\t\t<\/div>\n\t\t<\/section>\n\t\t\t\t<section class=\"elementor-section elementor-top-section elementor-element elementor-element-8d2b5bb elementor-section-boxed elementor-section-height-default elementor-section-height-default exad-glass-effect-no exad-sticky-section-no\" data-id=\"8d2b5bb\" data-element_type=\"section\" data-e-type=\"section\">\n\t\t\t\t\t\t<div class=\"elementor-container elementor-column-gap-default\">\n\t\t\t\t\t<div class=\"elementor-column elementor-col-50 elementor-top-column elementor-element elementor-element-b4f06c9 exad-glass-effect-no exad-sticky-section-no\" data-id=\"b4f06c9\" data-element_type=\"column\" data-e-type=\"column\">\n\t\t\t<div class=\"elementor-widget-wrap elementor-element-populated\">\n\t\t\t\t\t\t<div class=\"elementor-element elementor-element-46bbe72 exad-sticky-section-no exad-glass-effect-no elementor-widget elementor-widget-image\" data-id=\"46bbe72\" data-element_type=\"widget\" data-e-type=\"widget\" data-widget_type=\"image.default\">\n\t\t\t\t<div class=\"elementor-widget-container\">\n\t\t\t\t\t\t\t\t\t\t\t\t\t\t\t<img fetchpriority=\"high\" decoding=\"async\" width=\"640\" height=\"480\" src=\"https:\/\/voile.qc.ca\/wp-content\/uploads\/2025\/09\/CST2.jpg\" class=\"attachment-large size-large wp-image-18238\" alt=\"\" srcset=\"https:\/\/voile.qc.ca\/wp-content\/uploads\/2025\/09\/CST2.jpg 640w, https:\/\/voile.qc.ca\/wp-content\/uploads\/2025\/09\/CST2-300x225.jpg 300w, https:\/\/voile.qc.ca\/wp-content\/uploads\/2025\/09\/CST2-16x12.jpg 16w, https:\/\/voile.qc.ca\/wp-content\/uploads\/2025\/09\/CST2-600x450.jpg 600w\" sizes=\"(max-width: 640px) 100vw, 640px\" \/>\t\t\t\t\t\t\t\t\t\t\t\t\t\t\t<\/div>\n\t\t\t\t<\/div>\n\t\t\t\t\t<\/div>\n\t\t<\/div>\n\t\t\t\t<div class=\"elementor-column elementor-col-50 elementor-top-column elementor-element elementor-element-e829f05 exad-glass-effect-no exad-sticky-section-no\" data-id=\"e829f05\" data-element_type=\"column\" data-e-type=\"column\">\n\t\t\t<div class=\"elementor-widget-wrap elementor-element-populated\">\n\t\t\t\t\t\t<div class=\"elementor-element elementor-element-7d2b6a7 exad-sticky-section-no exad-glass-effect-no elementor-widget elementor-widget-image\" data-id=\"7d2b6a7\" data-element_type=\"widget\" data-e-type=\"widget\" data-widget_type=\"image.default\">\n\t\t\t\t<div class=\"elementor-widget-container\">\n\t\t\t\t\t\t\t\t\t\t\t\t\t\t\t<img decoding=\"async\" width=\"640\" height=\"480\" src=\"https:\/\/voile.qc.ca\/wp-content\/uploads\/2025\/09\/CST-2.jpg\" class=\"attachment-large size-large wp-image-18237\" alt=\"\" srcset=\"https:\/\/voile.qc.ca\/wp-content\/uploads\/2025\/09\/CST-2.jpg 640w, https:\/\/voile.qc.ca\/wp-content\/uploads\/2025\/09\/CST-2-300x225.jpg 300w, https:\/\/voile.qc.ca\/wp-content\/uploads\/2025\/09\/CST-2-16x12.jpg 16w, https:\/\/voile.qc.ca\/wp-content\/uploads\/2025\/09\/CST-2-600x450.jpg 600w\" sizes=\"(max-width: 640px) 100vw, 640px\" \/>\t\t\t\t\t\t\t\t\t\t\t\t\t\t\t<\/div>\n\t\t\t\t<\/div>\n\t\t\t\t\t<\/div>\n\t\t<\/div>\n\t\t\t\t\t<\/div>\n\t\t<\/section>\n\t\t\t\t<\/div>\n\t\t","protected":false},"excerpt":{"rendered":"<p>Open CST Kingston\u00a0 \u2013 Fin de semaine ouverte de l\u2019\u00e9quipe canadienne de voile (\u00c9CV) \u00e0 Kingston Voile Canada a lanc\u00e9 sa premi\u00e8re fin de semaine ouverte d\u2019entra\u00eenement de l\u2019\u00e9quipe canadienne de voile (\u00c9CV) \u00e0 Kingston, du 5 au 7 septembre, r\u00e9unissant des membres de l\u2019\u00e9quipe nationale, des athl\u00e8tes prometteurs faisant partie du parcours olympique et [&hellip;]<\/p>\n","protected":false},"author":32,"featured_media":18237,"comment_status":"closed","ping_status":"closed","sticky":false,"template":"","format":"standard","meta":{"_acf_changed":false,"site-sidebar-layout":"default","site-content-layout":"","ast-site-content-layout":"default","site-content-style":"default","site-sidebar-style":"default","ast-global-header-display":"","ast-banner-title-visibility":"","ast-main-header-display":"","ast-hfb-above-header-display":"","ast-hfb-below-header-display":"","ast-hfb-mobile-header-display":"","site-post-title":"","ast-breadcrumbs-content":"","ast-featured-img":"","footer-sml-layout":"","ast-disable-related-posts":"","theme-transparent-header-meta":"","adv-header-id-meta":"","stick-header-meta":"","header-above-stick-meta":"","header-main-stick-meta":"","header-below-stick-meta":"","astra-migrate-meta-layouts":"set","ast-page-background-enabled":"default","ast-page-background-meta":{"desktop":{"background-color":"","background-image":"","background-repeat":"repeat","background-position":"center center","background-size":"auto","background-attachment":"scroll","background-type":"","background-media":"","overlay-type":"","overlay-color":"","overlay-opacity":"","overlay-gradient":""},"tablet":{"background-color":"","background-image":"","background-repeat":"repeat","background-position":"center center","background-size":"auto","background-attachment":"scroll","background-type":"","background-media":"","overlay-type":"","overlay-color":"","overlay-opacity":"","overlay-gradient":""},"mobile":{"background-color":"","background-image":"","background-repeat":"repeat","background-position":"center center","background-size":"auto","background-attachment":"scroll","background-type":"","background-media":"","overlay-type":"","overlay-color":"","overlay-opacity":"","overlay-gradient":""}},"ast-content-background-meta":{"desktop":{"background-color":"var(--ast-global-color-5)","background-image":"","background-repeat":"repeat","background-position":"center center","background-size":"auto","background-attachment":"scroll","background-type":"","background-media":"","overlay-type":"","overlay-color":"","overlay-opacity":"","overlay-gradient":""},"tablet":{"background-color":"var(--ast-global-color-5)","background-image":"","background-repeat":"repeat","background-position":"center center","background-size":"auto","background-attachment":"scroll","background-type":"","background-media":"","overlay-type":"","overlay-color":"","overlay-opacity":"","overlay-gradient":""},"mobile":{"background-color":"var(--ast-global-color-5)","background-image":"","background-repeat":"repeat","background-position":"center center","background-size":"auto","background-attachment":"scroll","background-type":"","background-media":"","overlay-type":"","overlay-color":"","overlay-opacity":"","overlay-gradient":""}},"_jetpack_memberships_contains_paid_content":false,"footnotes":""},"categories":[1],"tags":[],"class_list":["post-18229","post","type-post","status-publish","format-standard","has-post-thumbnail","hentry","category-non-classe"],"acf":[],"yoast_head":"<!-- This site is optimized with the Yoast SEO plugin v27.0 - https:\/\/yoast.com\/product\/yoast-seo-wordpress\/ -->\n<title>Open CST Kingston Weekend - Voile Qu\u00e9bec<\/title>\n<meta name=\"robots\" content=\"index, follow, max-snippet:-1, max-image-preview:large, max-video-preview:-1\" \/>\n<link rel=\"canonical\" href=\"https:\/\/voile.qc.ca\/fr\/2025\/09\/17\/wecanfoil-un-programme-pour-democratiser-la-regate-sur-foil-duplicate-18113\/\" \/>\n<meta property=\"og:locale\" content=\"fr_CA\" \/>\n<meta property=\"og:type\" content=\"article\" \/>\n<meta property=\"og:title\" content=\"Open CST Kingston Weekend - Voile Qu\u00e9bec\" \/>\n<meta property=\"og:description\" content=\"Open CST Kingston\u00a0 \u2013 Fin de semaine ouverte de l\u2019\u00e9quipe canadienne de voile (\u00c9CV) \u00e0 Kingston Voile Canada a lanc\u00e9 sa premi\u00e8re fin de semaine ouverte d\u2019entra\u00eenement de l\u2019\u00e9quipe canadienne de voile (\u00c9CV) \u00e0 Kingston, du 5 au 7 septembre, r\u00e9unissant des membres de l\u2019\u00e9quipe nationale, des athl\u00e8tes prometteurs faisant partie du parcours olympique et [&hellip;]\" \/>\n<meta property=\"og:url\" content=\"https:\/\/voile.qc.ca\/fr\/2025\/09\/17\/wecanfoil-un-programme-pour-democratiser-la-regate-sur-foil-duplicate-18113\/\" \/>\n<meta property=\"og:site_name\" content=\"Voile Qu\u00e9bec\" \/>\n<meta property=\"article:publisher\" content=\"https:\/\/www.facebook.com\/voilequebec\" \/>\n<meta property=\"article:published_time\" content=\"2025-09-17T15:38:49+00:00\" \/>\n<meta property=\"article:modified_time\" content=\"2026-03-11T22:57:23+00:00\" \/>\n<meta property=\"og:image\" content=\"https:\/\/voile.qc.ca\/wp-content\/uploads\/2025\/09\/CST-2.jpg\" \/>\n\t<meta property=\"og:image:width\" content=\"640\" \/>\n\t<meta property=\"og:image:height\" content=\"480\" \/>\n\t<meta property=\"og:image:type\" content=\"image\/jpeg\" \/>\n<meta name=\"author\" content=\"Voile Qu\u00e9bec\" \/>\n<meta name=\"twitter:card\" content=\"summary_large_image\" \/>\n<meta name=\"twitter:label1\" content=\"\u00c9crit par\" \/>\n\t<meta name=\"twitter:data1\" content=\"Voile Qu\u00e9bec\" \/>\n\t<meta name=\"twitter:label2\" content=\"Estimation du temps de lecture\" \/>\n\t<meta name=\"twitter:data2\" content=\"3 minutes\" \/>\n<script type=\"application\/ld+json\" class=\"yoast-schema-graph\">{\"@context\":\"https:\/\/schema.org\",\"@graph\":[{\"@type\":\"Article\",\"@id\":\"https:\/\/voile.qc.ca\/2025\/09\/17\/wecanfoil-un-programme-pour-democratiser-la-regate-sur-foil-duplicate-18113\/#article\",\"isPartOf\":{\"@id\":\"https:\/\/voile.qc.ca\/2025\/09\/17\/wecanfoil-un-programme-pour-democratiser-la-regate-sur-foil-duplicate-18113\/\"},\"author\":{\"name\":\"Voile Qu\u00e9bec\",\"@id\":\"https:\/\/voile.qc.ca\/fr\/#\/schema\/person\/fe83644bf773e221cca568bf74310f20\"},\"headline\":\"Open CST Kingston Weekend\",\"datePublished\":\"2025-09-17T15:38:49+00:00\",\"dateModified\":\"2026-03-11T22:57:23+00:00\",\"mainEntityOfPage\":{\"@id\":\"https:\/\/voile.qc.ca\/2025\/09\/17\/wecanfoil-un-programme-pour-democratiser-la-regate-sur-foil-duplicate-18113\/\"},\"wordCount\":502,\"publisher\":{\"@id\":\"https:\/\/voile.qc.ca\/fr\/#organization\"},\"image\":{\"@id\":\"https:\/\/voile.qc.ca\/2025\/09\/17\/wecanfoil-un-programme-pour-democratiser-la-regate-sur-foil-duplicate-18113\/#primaryimage\"},\"thumbnailUrl\":\"https:\/\/voile.qc.ca\/wp-content\/uploads\/2025\/09\/CST-2.jpg\",\"inLanguage\":\"fr-CA\"},{\"@type\":\"WebPage\",\"@id\":\"https:\/\/voile.qc.ca\/2025\/09\/17\/wecanfoil-un-programme-pour-democratiser-la-regate-sur-foil-duplicate-18113\/\",\"url\":\"https:\/\/voile.qc.ca\/2025\/09\/17\/wecanfoil-un-programme-pour-democratiser-la-regate-sur-foil-duplicate-18113\/\",\"name\":\"Open CST Kingston Weekend - Voile Qu\u00e9bec\",\"isPartOf\":{\"@id\":\"https:\/\/voile.qc.ca\/fr\/#website\"},\"primaryImageOfPage\":{\"@id\":\"https:\/\/voile.qc.ca\/2025\/09\/17\/wecanfoil-un-programme-pour-democratiser-la-regate-sur-foil-duplicate-18113\/#primaryimage\"},\"image\":{\"@id\":\"https:\/\/voile.qc.ca\/2025\/09\/17\/wecanfoil-un-programme-pour-democratiser-la-regate-sur-foil-duplicate-18113\/#primaryimage\"},\"thumbnailUrl\":\"https:\/\/voile.qc.ca\/wp-content\/uploads\/2025\/09\/CST-2.jpg\",\"datePublished\":\"2025-09-17T15:38:49+00:00\",\"dateModified\":\"2026-03-11T22:57:23+00:00\",\"breadcrumb\":{\"@id\":\"https:\/\/voile.qc.ca\/2025\/09\/17\/wecanfoil-un-programme-pour-democratiser-la-regate-sur-foil-duplicate-18113\/#breadcrumb\"},\"inLanguage\":\"fr-CA\",\"potentialAction\":[{\"@type\":\"ReadAction\",\"target\":[\"https:\/\/voile.qc.ca\/2025\/09\/17\/wecanfoil-un-programme-pour-democratiser-la-regate-sur-foil-duplicate-18113\/\"]}]},{\"@type\":\"ImageObject\",\"inLanguage\":\"fr-CA\",\"@id\":\"https:\/\/voile.qc.ca\/2025\/09\/17\/wecanfoil-un-programme-pour-democratiser-la-regate-sur-foil-duplicate-18113\/#primaryimage\",\"url\":\"https:\/\/voile.qc.ca\/wp-content\/uploads\/2025\/09\/CST-2.jpg\",\"contentUrl\":\"https:\/\/voile.qc.ca\/wp-content\/uploads\/2025\/09\/CST-2.jpg\",\"width\":640,\"height\":480},{\"@type\":\"BreadcrumbList\",\"@id\":\"https:\/\/voile.qc.ca\/2025\/09\/17\/wecanfoil-un-programme-pour-democratiser-la-regate-sur-foil-duplicate-18113\/#breadcrumb\",\"itemListElement\":[{\"@type\":\"ListItem\",\"position\":1,\"name\":\"Accueil\",\"item\":\"https:\/\/voile.qc.ca\/\"},{\"@type\":\"ListItem\",\"position\":2,\"name\":\"Open CST Kingston Weekend\"}]},{\"@type\":\"WebSite\",\"@id\":\"https:\/\/voile.qc.ca\/fr\/#website\",\"url\":\"https:\/\/voile.qc.ca\/fr\/\",\"name\":\"Voile Qu\u00e9bec\",\"description\":\"La r\u00e9f\u00e9rence de voile au Qu\u00e9bec\",\"publisher\":{\"@id\":\"https:\/\/voile.qc.ca\/fr\/#organization\"},\"potentialAction\":[{\"@type\":\"SearchAction\",\"target\":{\"@type\":\"EntryPoint\",\"urlTemplate\":\"https:\/\/voile.qc.ca\/fr\/?s={search_term_string}\"},\"query-input\":{\"@type\":\"PropertyValueSpecification\",\"valueRequired\":true,\"valueName\":\"search_term_string\"}}],\"inLanguage\":\"fr-CA\"},{\"@type\":\"Organization\",\"@id\":\"https:\/\/voile.qc.ca\/fr\/#organization\",\"name\":\"F\u00e9d\u00e9ration de Voile du Qu\u00e9bec\",\"url\":\"https:\/\/voile.qc.ca\/fr\/\",\"logo\":{\"@type\":\"ImageObject\",\"inLanguage\":\"fr-CA\",\"@id\":\"https:\/\/voile.qc.ca\/fr\/#\/schema\/logo\/image\/\",\"url\":\"https:\/\/voile.qc.ca\/wp-content\/uploads\/2023\/11\/cropped-bateau-bleu-V5.png\",\"contentUrl\":\"https:\/\/voile.qc.ca\/wp-content\/uploads\/2023\/11\/cropped-bateau-bleu-V5.png\",\"width\":500,\"height\":116,\"caption\":\"F\u00e9d\u00e9ration de Voile du Qu\u00e9bec\"},\"image\":{\"@id\":\"https:\/\/voile.qc.ca\/fr\/#\/schema\/logo\/image\/\"},\"sameAs\":[\"https:\/\/www.facebook.com\/voilequebec\",\"https:\/\/www.instagram.com\/voilequebec\"]},{\"@type\":\"Person\",\"@id\":\"https:\/\/voile.qc.ca\/fr\/#\/schema\/person\/fe83644bf773e221cca568bf74310f20\",\"name\":\"Voile Qu\u00e9bec\",\"image\":{\"@type\":\"ImageObject\",\"inLanguage\":\"fr-CA\",\"@id\":\"https:\/\/voile.qc.ca\/fr\/#\/schema\/person\/image\/\",\"url\":\"https:\/\/secure.gravatar.com\/avatar\/1eb7971926fca7a8c92d0857d1932e21b6529e985509adeda4eb4f38b3657098?s=96&d=mm&r=g\",\"contentUrl\":\"https:\/\/secure.gravatar.com\/avatar\/1eb7971926fca7a8c92d0857d1932e21b6529e985509adeda4eb4f38b3657098?s=96&d=mm&r=g\",\"caption\":\"Voile Qu\u00e9bec\"},\"url\":\"https:\/\/voile.qc.ca\/fr\/author\/florence\/\"}]}<\/script>\n<!-- \/ Yoast SEO plugin. -->","yoast_head_json":{"title":"Open CST Kingston Weekend - Voile Qu\u00e9bec","robots":{"index":"index","follow":"follow","max-snippet":"max-snippet:-1","max-image-preview":"max-image-preview:large","max-video-preview":"max-video-preview:-1"},"canonical":"https:\/\/voile.qc.ca\/fr\/2025\/09\/17\/wecanfoil-un-programme-pour-democratiser-la-regate-sur-foil-duplicate-18113\/","og_locale":"fr_CA","og_type":"article","og_title":"Open CST Kingston Weekend - Voile Qu\u00e9bec","og_description":"Open CST Kingston\u00a0 \u2013 Fin de semaine ouverte de l\u2019\u00e9quipe canadienne de voile (\u00c9CV) \u00e0 Kingston Voile Canada a lanc\u00e9 sa premi\u00e8re fin de semaine ouverte d\u2019entra\u00eenement de l\u2019\u00e9quipe canadienne de voile (\u00c9CV) \u00e0 Kingston, du 5 au 7 septembre, r\u00e9unissant des membres de l\u2019\u00e9quipe nationale, des athl\u00e8tes prometteurs faisant partie du parcours olympique et [&hellip;]","og_url":"https:\/\/voile.qc.ca\/fr\/2025\/09\/17\/wecanfoil-un-programme-pour-democratiser-la-regate-sur-foil-duplicate-18113\/","og_site_name":"Voile Qu\u00e9bec","article_publisher":"https:\/\/www.facebook.com\/voilequebec","article_published_time":"2025-09-17T15:38:49+00:00","article_modified_time":"2026-03-11T22:57:23+00:00","og_image":[{"width":640,"height":480,"url":"https:\/\/voile.qc.ca\/wp-content\/uploads\/2025\/09\/CST-2.jpg","type":"image\/jpeg"}],"author":"Voile Qu\u00e9bec","twitter_card":"summary_large_image","twitter_misc":{"\u00c9crit par":"Voile Qu\u00e9bec","Estimation du temps de lecture":"3 minutes"},"schema":{"@context":"https:\/\/schema.org","@graph":[{"@type":"Article","@id":"https:\/\/voile.qc.ca\/2025\/09\/17\/wecanfoil-un-programme-pour-democratiser-la-regate-sur-foil-duplicate-18113\/#article","isPartOf":{"@id":"https:\/\/voile.qc.ca\/2025\/09\/17\/wecanfoil-un-programme-pour-democratiser-la-regate-sur-foil-duplicate-18113\/"},"author":{"name":"Voile Qu\u00e9bec","@id":"https:\/\/voile.qc.ca\/fr\/#\/schema\/person\/fe83644bf773e221cca568bf74310f20"},"headline":"Open CST Kingston Weekend","datePublished":"2025-09-17T15:38:49+00:00","dateModified":"2026-03-11T22:57:23+00:00","mainEntityOfPage":{"@id":"https:\/\/voile.qc.ca\/2025\/09\/17\/wecanfoil-un-programme-pour-democratiser-la-regate-sur-foil-duplicate-18113\/"},"wordCount":502,"publisher":{"@id":"https:\/\/voile.qc.ca\/fr\/#organization"},"image":{"@id":"https:\/\/voile.qc.ca\/2025\/09\/17\/wecanfoil-un-programme-pour-democratiser-la-regate-sur-foil-duplicate-18113\/#primaryimage"},"thumbnailUrl":"https:\/\/voile.qc.ca\/wp-content\/uploads\/2025\/09\/CST-2.jpg","inLanguage":"fr-CA"},{"@type":"WebPage","@id":"https:\/\/voile.qc.ca\/2025\/09\/17\/wecanfoil-un-programme-pour-democratiser-la-regate-sur-foil-duplicate-18113\/","url":"https:\/\/voile.qc.ca\/2025\/09\/17\/wecanfoil-un-programme-pour-democratiser-la-regate-sur-foil-duplicate-18113\/","name":"Open CST Kingston Weekend - Voile Qu\u00e9bec","isPartOf":{"@id":"https:\/\/voile.qc.ca\/fr\/#website"},"primaryImageOfPage":{"@id":"https:\/\/voile.qc.ca\/2025\/09\/17\/wecanfoil-un-programme-pour-democratiser-la-regate-sur-foil-duplicate-18113\/#primaryimage"},"image":{"@id":"https:\/\/voile.qc.ca\/2025\/09\/17\/wecanfoil-un-programme-pour-democratiser-la-regate-sur-foil-duplicate-18113\/#primaryimage"},"thumbnailUrl":"https:\/\/voile.qc.ca\/wp-content\/uploads\/2025\/09\/CST-2.jpg","datePublished":"2025-09-17T15:38:49+00:00","dateModified":"2026-03-11T22:57:23+00:00","breadcrumb":{"@id":"https:\/\/voile.qc.ca\/2025\/09\/17\/wecanfoil-un-programme-pour-democratiser-la-regate-sur-foil-duplicate-18113\/#breadcrumb"},"inLanguage":"fr-CA","potentialAction":[{"@type":"ReadAction","target":["https:\/\/voile.qc.ca\/2025\/09\/17\/wecanfoil-un-programme-pour-democratiser-la-regate-sur-foil-duplicate-18113\/"]}]},{"@type":"ImageObject","inLanguage":"fr-CA","@id":"https:\/\/voile.qc.ca\/2025\/09\/17\/wecanfoil-un-programme-pour-democratiser-la-regate-sur-foil-duplicate-18113\/#primaryimage","url":"https:\/\/voile.qc.ca\/wp-content\/uploads\/2025\/09\/CST-2.jpg","contentUrl":"https:\/\/voile.qc.ca\/wp-content\/uploads\/2025\/09\/CST-2.jpg","width":640,"height":480},{"@type":"BreadcrumbList","@id":"https:\/\/voile.qc.ca\/2025\/09\/17\/wecanfoil-un-programme-pour-democratiser-la-regate-sur-foil-duplicate-18113\/#breadcrumb","itemListElement":[{"@type":"ListItem","position":1,"name":"Accueil","item":"https:\/\/voile.qc.ca\/"},{"@type":"ListItem","position":2,"name":"Open CST Kingston Weekend"}]},{"@type":"WebSite","@id":"https:\/\/voile.qc.ca\/fr\/#website","url":"https:\/\/voile.qc.ca\/fr\/","name":"Voile Qu\u00e9bec","description":"La r\u00e9f\u00e9rence de voile au Qu\u00e9bec","publisher":{"@id":"https:\/\/voile.qc.ca\/fr\/#organization"},"potentialAction":[{"@type":"SearchAction","target":{"@type":"EntryPoint","urlTemplate":"https:\/\/voile.qc.ca\/fr\/?s={search_term_string}"},"query-input":{"@type":"PropertyValueSpecification","valueRequired":true,"valueName":"search_term_string"}}],"inLanguage":"fr-CA"},{"@type":"Organization","@id":"https:\/\/voile.qc.ca\/fr\/#organization","name":"F\u00e9d\u00e9ration de Voile du Qu\u00e9bec","url":"https:\/\/voile.qc.ca\/fr\/","logo":{"@type":"ImageObject","inLanguage":"fr-CA","@id":"https:\/\/voile.qc.ca\/fr\/#\/schema\/logo\/image\/","url":"https:\/\/voile.qc.ca\/wp-content\/uploads\/2023\/11\/cropped-bateau-bleu-V5.png","contentUrl":"https:\/\/voile.qc.ca\/wp-content\/uploads\/2023\/11\/cropped-bateau-bleu-V5.png","width":500,"height":116,"caption":"F\u00e9d\u00e9ration de Voile du Qu\u00e9bec"},"image":{"@id":"https:\/\/voile.qc.ca\/fr\/#\/schema\/logo\/image\/"},"sameAs":["https:\/\/www.facebook.com\/voilequebec","https:\/\/www.instagram.com\/voilequebec"]},{"@type":"Person","@id":"https:\/\/voile.qc.ca\/fr\/#\/schema\/person\/fe83644bf773e221cca568bf74310f20","name":"Voile Qu\u00e9bec","image":{"@type":"ImageObject","inLanguage":"fr-CA","@id":"https:\/\/voile.qc.ca\/fr\/#\/schema\/person\/image\/","url":"https:\/\/secure.gravatar.com\/avatar\/1eb7971926fca7a8c92d0857d1932e21b6529e985509adeda4eb4f38b3657098?s=96&d=mm&r=g","contentUrl":"https:\/\/secure.gravatar.com\/avatar\/1eb7971926fca7a8c92d0857d1932e21b6529e985509adeda4eb4f38b3657098?s=96&d=mm&r=g","caption":"Voile Qu\u00e9bec"},"url":"https:\/\/voile.qc.ca\/fr\/author\/florence\/"}]}},"jetpack_featured_media_url":"https:\/\/voile.qc.ca\/wp-content\/uploads\/2025\/09\/CST-2.jpg","jetpack_sharing_enabled":true,"_links":{"self":[{"href":"https:\/\/voile.qc.ca\/fr\/wp-json\/wp\/v2\/posts\/18229","targetHints":{"allow":["GET"]}}],"collection":[{"href":"https:\/\/voile.qc.ca\/fr\/wp-json\/wp\/v2\/posts"}],"about":[{"href":"https:\/\/voile.qc.ca\/fr\/wp-json\/wp\/v2\/types\/post"}],"author":[{"embeddable":true,"href":"https:\/\/voile.qc.ca\/fr\/wp-json\/wp\/v2\/users\/32"}],"replies":[{"embeddable":true,"href":"https:\/\/voile.qc.ca\/fr\/wp-json\/wp\/v2\/comments?post=18229"}],"version-history":[{"count":10,"href":"https:\/\/voile.qc.ca\/fr\/wp-json\/wp\/v2\/posts\/18229\/revisions"}],"predecessor-version":[{"id":18244,"href":"https:\/\/voile.qc.ca\/fr\/wp-json\/wp\/v2\/posts\/18229\/revisions\/18244"}],"wp:featuredmedia":[{"embeddable":true,"href":"https:\/\/voile.qc.ca\/fr\/wp-json\/wp\/v2\/media\/18237"}],"wp:attachment":[{"href":"https:\/\/voile.qc.ca\/fr\/wp-json\/wp\/v2\/media?parent=18229"}],"wp:term":[{"taxonomy":"category","embeddable":true,"href":"https:\/\/voile.qc.ca\/fr\/wp-json\/wp\/v2\/categories?post=18229"},{"taxonomy":"post_tag","embeddable":true,"href":"https:\/\/voile.qc.ca\/fr\/wp-json\/wp\/v2\/tags?post=18229"}],"curies":[{"name":"wp","href":"https:\/\/api.w.org\/{rel}","templated":true}]}}